{"id":1653,"date":"2017-10-27T09:57:26","date_gmt":"2017-10-27T11:57:26","guid":{"rendered":"http:\/\/www.brasal.com.br\/veiculos\/blog\/?p=1653"},"modified":"2017-11-03T11:24:13","modified_gmt":"2017-11-03T13:24:13","slug":"test-drive-no-novo-polo-e-as-primeiras-impressoes","status":"publish","type":"post","link":"https:\/\/www.brasal.com.br\/veiculos\/blog\/2017\/10\/27\/test-drive-no-novo-polo-e-as-primeiras-impressoes\/","title":{"rendered":"Um Best Drive no NOVO POLO e as primeiras impress\u00f5es\u2026"},"content":{"rendered":"<p align=\"justify\">Assim que chegou, pegamos o Novo Polo para dar um passeio\u00a0por Bras\u00edlia e sentir o carro. Aqui voc\u00ea v\u00ea um pouco da explica\u00e7\u00e3o do modelo e as impress\u00f5es pessoais de um Consultor de Vendas da Brasal Ve\u00edculos e um dos integrantes da produ\u00e7\u00e3o. Confira\u00a0as novidades e tecnologias que vieram a bordo desse novo Volkswagen. Ahhhh, e aqui fica o convite: venha fazer um Best Drive e tenha a experi\u00eancia de dirigir o lan\u00e7amento mais esperado do ano.<\/p>\n<p><iframe loading=\"lazy\" src=\"https:\/\/www.youtube.com\/embed\/IDKdMV89tTI?rel=0\" width=\"560\" height=\"315\" frameborder=\"0\" allowfullscreen=\"allowfullscreen\"><\/iframe><\/p>\n<p align=\"justify\">Estamos te aguardando:<br \/>\nWhatsApp: (61) 9811-2225<br \/>\nBrasal Sia Trecho 01 &#8211; lote 555 &#8211; (61) 3962-6655<br \/>\nBrasal Ceil\u00e2ndia &#8211; QNN 30 &#8211; (61) 3035-6666<br \/>\nTaguauto &#8211; QSD 11 Pist\u00e3o Sul &#8211; (61) 3035-9999<\/p>\n","protected":false},"excerpt":{"rendered":"<p>Assim que chegou, pegamos o Novo Polo para dar um passeio\u00a0por Bras\u00edlia e sentir o carro. Aqui voc\u00ea v\u00ea um pouco da explica\u00e7\u00e3o do modelo e as impress\u00f5es pessoais de um Consultor de Vendas da Brasal Ve\u00edculos e um dos integrantes da produ\u00e7\u00e3o. Confira\u00a0as novidades e tecnologias que vieram a bordo desse novo Volkswagen. Ahhhh, &hellip;<\/p>\n","protected":false},"author":4,"featured_media":1652,"comment_status":"open","ping_status":"open","sticky":false,"template":"","format":"standard","meta":[],"categories":[279],"tags":[284,74,168,283,44,286,267,266,99,54],"_links":{"self":[{"href":"https:\/\/www.brasal.com.br\/veiculos\/blog\/wp-json\/wp\/v2\/posts\/1653"}],"collection":[{"href":"https:\/\/www.brasal.com.br\/veiculos\/blog\/wp-json\/wp\/v2\/posts"}],"about":[{"href":"https:\/\/www.brasal.com.br\/veiculos\/blog\/wp-json\/wp\/v2\/types\/post"}],"author":[{"embeddable":true,"href":"https:\/\/www.brasal.com.br\/veiculos\/blog\/wp-json\/wp\/v2\/users\/4"}],"replies":[{"embeddable":true,"href":"https:\/\/www.brasal.com.br\/veiculos\/blog\/wp-json\/wp\/v2\/comments?post=1653"}],"version-history":[{"count":22,"href":"https:\/\/www.brasal.com.br\/veiculos\/blog\/wp-json\/wp\/v2\/posts\/1653\/revisions"}],"predecessor-version":[{"id":1769,"href":"https:\/\/www.brasal.com.br\/veiculos\/blog\/wp-json\/wp\/v2\/posts\/1653\/revisions\/1769"}],"wp:featuredmedia":[{"embeddable":true,"href":"https:\/\/www.brasal.com.br\/veiculos\/blog\/wp-json\/wp\/v2\/media\/1652"}],"wp:attachment":[{"href":"https:\/\/www.brasal.com.br\/veiculos\/blog\/wp-json\/wp\/v2\/media?parent=1653"}],"wp:term":[{"taxonomy":"category","embeddable":true,"href":"https:\/\/www.brasal.com.br\/veiculos\/blog\/wp-json\/wp\/v2\/categories?post=1653"},{"taxonomy":"post_tag","embeddable":true,"href":"https:\/\/www.brasal.com.br\/veiculos\/blog\/wp-json\/wp\/v2\/tags?post=1653"}],"curies":[{"name":"wp","href":"https:\/\/api.w.org\/{rel}","templated":true}]}}