{"id":1532,"date":"2017-09-26T09:06:42","date_gmt":"2017-09-26T12:06:42","guid":{"rendered":"http:\/\/www.brasal.com.br\/veiculos\/blog\/?p=1532"},"modified":"2017-09-26T09:06:42","modified_gmt":"2017-09-26T12:06:42","slug":"saveiro","status":"publish","type":"post","link":"https:\/\/www.brasal.com.br\/veiculos\/blog\/2017\/09\/26\/saveiro\/","title":{"rendered":"Saveiro, feita para abrir caminho e fazer de cada partida uma nova aventura."},"content":{"rendered":"<div style=\"width: 618px;\" class=\"wp-video\"><!--[if lt IE 9]><script>document.createElement('video');<\/script><![endif]-->\n<video class=\"wp-video-shortcode\" id=\"video-1532-1\" width=\"618\" height=\"348\" preload=\"metadata\" controls=\"controls\"><source type=\"video\/mp4\" src=\"http:\/\/www.brasal.com.br\/veiculos\/blog\/wp-content\/uploads\/2017\/09\/Saveiro.mp4?_=1\" \/><a href=\"http:\/\/www.brasal.com.br\/veiculos\/blog\/wp-content\/uploads\/2017\/09\/Saveiro.mp4\">http:\/\/www.brasal.com.br\/veiculos\/blog\/wp-content\/uploads\/2017\/09\/Saveiro.mp4<\/a><\/video><\/div>\n<table class=\"vwd4_table3col\" border=\"0\" cellspacing=\"0\" cellpadding=\"0\">\n<tbody>\n<tr class=\"vwd4_first\">\n<td class=\"vwd4_key\">Destaques<\/td>\n<td class=\"vwd4_space\"><\/td>\n<td class=\"vwd4_value\">\n<ul>\n<li>Rodas de liga leve aro 15&#8243; &#8220;Cherte&#8221;<\/li>\n<li>Lanternas traseiras escurecidas<\/li>\n<li>Volante multifuncional revestido de couro com comandos do sistema de som e &#8220;I-System&#8221;<\/li>\n<li>Sistema infotainment &#8220;Composition Touch&#8221; com MirrorLink<\/li>\n<li>Far\u00f3is auxiliares com tripla fun\u00e7\u00e3o: neblina, longo alcance e convers\u00e3o est\u00e1tica<\/li>\n<li>Espelhos retrovisores externos eletricamente ajust\u00e1veis com fun\u00e7\u00e3o tilt-down no lado do passageiro<\/li>\n<li>Capota mar\u00edtima e ganchos deslizantes na ca\u00e7amba<\/li>\n<li>Ar-condicionado com filtro de poeira e p\u00f3len<\/li>\n<li>&#8220;Park Pilot&#8221; &#8211; sensor de estacionamento traseiro (opcional)<\/li>\n<li>&#8220;Keyless&#8221; &#8211; sistema de alarme com comando remoto (opcional)<\/li>\n<li>&#8220;HHC&#8221; &#8211; assistente para partida em subida<\/li>\n<li>&#8220;ABS&#8221; com fun\u00e7\u00e3o &#8220;off-road&#8221;, controle eletr\u00f4nico de estabilidade &#8220;ESC&#8221; e distribui\u00e7\u00e3o eletr\u00f4nica de frenagem EBD<\/li>\n<li>&#8220;ESS&#8221; &#8211; alerta de frenagem de emerg\u00eancia<\/li>\n<\/ul>\n<\/td>\n<\/tr>\n<tr>\n<td class=\"vwd4_key\">Motores<\/td>\n<td class=\"vwd4_space\"><\/td>\n<td class=\"vwd4_value\">\n<div class=\"vwd4_m437_engines vwd4_first\"><strong>-:<\/strong><\/p>\n<ul class=\"vwd4_clear\">\n<li><a class=\"vwd4_m437_linkFlyout\" href=\"http:\/\/www.vw.com.br\/pt\/carros\/saveiro\/versoes_.s9_trimlevel_detail.suffix.html\/nova-saveiro-cross~2Fcross-cd.html#flyout\">Motor 1.6l<\/a><\/li>\n<\/ul>\n<\/div>\n<\/td>\n<\/tr>\n<tr>\n<td class=\"vwd4_key\">Transmiss\u00e3o<\/td>\n<td class=\"vwd4_space\"><\/td>\n<td class=\"vwd4_value\">Transmiss\u00e3o manual de 5 velocidades<\/td>\n<\/tr>\n<tr class=\"vwd4_last\">\n<td class=\"vwd4_key\">Portas<\/td>\n<td class=\"vwd4_space\"><\/td>\n<td class=\"vwd4_value\">2<\/td>\n<\/tr>\n<\/tbody>\n<\/table>\n<table class=\"vwd4_table3col\" border=\"0\" cellspacing=\"0\" cellpadding=\"0\">\n<tbody>\n<tr class=\"vwd4_firstCaption\">\n<th class=\"vwd4_caption\">DESEMPENHO<\/th>\n<td class=\"vwd4_space\"><\/td>\n<th class=\"vwd4_caption\"><\/th>\n<\/tr>\n<tr class=\"vwd4_first\">\n<td class=\"vwd4_key\">Acelera\u00e7\u00e3o de 0 a 100 km\/h<\/td>\n<td class=\"vwd4_space\"><\/td>\n<td class=\"vwd4_value\">10s (E) \/ 10,5s (G)<\/td>\n<\/tr>\n<tr class=\"vwd4_last\">\n<td class=\"vwd4_key\">Velocidade m\u00e1xima<\/td>\n<td class=\"vwd4_space\"><\/td>\n<td class=\"vwd4_value\">181km\/h (E) \/ 178km\/h (G)<\/td>\n<\/tr>\n<\/tbody>\n<\/table>\n<table class=\"vwd4_table3col\" border=\"0\" cellspacing=\"0\" cellpadding=\"0\">\n<tbody>\n<tr class=\"vwd4_firstCaption\">\n<th class=\"vwd4_caption\">MOTOR<\/th>\n<td class=\"vwd4_space\"><\/td>\n<th class=\"vwd4_caption\"><\/th>\n<\/tr>\n<tr class=\"vwd4_first\">\n<td class=\"vwd4_key\">Cilindrada<\/td>\n<td class=\"vwd4_space\"><\/td>\n<td class=\"vwd4_value\">1.598 cm\u00b3<\/td>\n<\/tr>\n<tr>\n<td class=\"vwd4_key\">Pot\u00eancia l\u00edquida m\u00e1xima<\/td>\n<td class=\"vwd4_space\"><\/td>\n<td class=\"vwd4_value\">120cv (E) \/ 110cv (G) &#8211; 5.750rpm<\/td>\n<\/tr>\n<tr class=\"vwd4_last\">\n<td class=\"vwd4_key\">Torque l\u00edquido m\u00e1ximo<\/td>\n<td class=\"vwd4_space\"><\/td>\n<td class=\"vwd4_value\">16,8 kgfm (E) \/ 15,8 kgfm (G) &#8211; 4.000rpm<\/td>\n<\/tr>\n<\/tbody>\n<\/table>\n","protected":false},"excerpt":{"rendered":"<p>Destaques Rodas de liga leve aro 15&#8243; &#8220;Cherte&#8221; Lanternas traseiras escurecidas Volante multifuncional revestido de couro com comandos do sistema de som e &#8220;I-System&#8221; Sistema infotainment &#8220;Composition Touch&#8221; com MirrorLink Far\u00f3is auxiliares com tripla fun\u00e7\u00e3o: neblina, longo alcance e convers\u00e3o est\u00e1tica Espelhos retrovisores externos eletricamente ajust\u00e1veis com fun\u00e7\u00e3o tilt-down no lado do passageiro Capota mar\u00edtima &hellip;<\/p>\n","protected":false},"author":4,"featured_media":1534,"comment_status":"open","ping_status":"open","sticky":false,"template":"","format":"standard","meta":[],"categories":[13],"tags":[74,168,47,99,54],"_links":{"self":[{"href":"https:\/\/www.brasal.com.br\/veiculos\/blog\/wp-json\/wp\/v2\/posts\/1532"}],"collection":[{"href":"https:\/\/www.brasal.com.br\/veiculos\/blog\/wp-json\/wp\/v2\/posts"}],"about":[{"href":"https:\/\/www.brasal.com.br\/veiculos\/blog\/wp-json\/wp\/v2\/types\/post"}],"author":[{"embeddable":true,"href":"https:\/\/www.brasal.com.br\/veiculos\/blog\/wp-json\/wp\/v2\/users\/4"}],"replies":[{"embeddable":true,"href":"https:\/\/www.brasal.com.br\/veiculos\/blog\/wp-json\/wp\/v2\/comments?post=1532"}],"version-history":[{"count":1,"href":"https:\/\/www.brasal.com.br\/veiculos\/blog\/wp-json\/wp\/v2\/posts\/1532\/revisions"}],"predecessor-version":[{"id":1535,"href":"https:\/\/www.brasal.com.br\/veiculos\/blog\/wp-json\/wp\/v2\/posts\/1532\/revisions\/1535"}],"wp:featuredmedia":[{"embeddable":true,"href":"https:\/\/www.brasal.com.br\/veiculos\/blog\/wp-json\/wp\/v2\/media\/1534"}],"wp:attachment":[{"href":"https:\/\/www.brasal.com.br\/veiculos\/blog\/wp-json\/wp\/v2\/media?parent=1532"}],"wp:term":[{"taxonomy":"category","embeddable":true,"href":"https:\/\/www.brasal.com.br\/veiculos\/blog\/wp-json\/wp\/v2\/categories?post=1532"},{"taxonomy":"post_tag","embeddable":true,"href":"https:\/\/www.brasal.com.br\/veiculos\/blog\/wp-json\/wp\/v2\/tags?post=1532"}],"curies":[{"name":"wp","href":"https:\/\/api.w.org\/{rel}","templated":true}]}}