{"id":1402,"date":"2017-09-02T08:30:27","date_gmt":"2017-09-02T11:30:27","guid":{"rendered":"http:\/\/www.brasal.com.br\/veiculos\/blog\/?p=1402"},"modified":"2017-11-03T11:32:17","modified_gmt":"2017-11-03T13:32:17","slug":"nova-kombi","status":"publish","type":"post","link":"https:\/\/www.brasal.com.br\/veiculos\/blog\/2017\/09\/02\/nova-kombi\/","title":{"rendered":"Nova Kombi&#8230; ser\u00e1?"},"content":{"rendered":"<p align=\"justify\">Hoje, Dia Nacional da Kombi, n\u00f3s viemos trazer uma novidade muito aguardada por aqueles que s\u00e3o apaixonados por ela..<br \/>\nA nova Kombi, foi apresentada como conceito no Sal\u00e3o do Autom\u00f3vel de Detroit deste ano. Segundo Hebert Diess, presidente do Conselho Administrativo de carros de passeio da Volkswagen, a produ\u00e7\u00e3o da nova Kombi est\u00e1 programada para 2022 mas ainda n\u00e3o tem previs\u00e3o para chegar ao Brasil.<br \/>\nEnquanto n\u00e3o temos previs\u00e3o para essa belezura chegar por aqui, confira as novidades deste VW no\u00a0v\u00eddeo abaixo:<\/p>\n<div style=\"width: 618px;\" class=\"wp-video\"><!--[if lt IE 9]><script>document.createElement('video');<\/script><![endif]-->\n<video class=\"wp-video-shortcode\" id=\"video-1402-1\" width=\"618\" height=\"348\" preload=\"metadata\" controls=\"controls\"><source type=\"video\/mp4\" src=\"http:\/\/www.brasal.com.br\/veiculos\/blog\/wp-content\/uploads\/2017\/08\/novakombi.mp4?_=1\" \/><a href=\"http:\/\/www.brasal.com.br\/veiculos\/blog\/wp-content\/uploads\/2017\/08\/novakombi.mp4\">http:\/\/www.brasal.com.br\/veiculos\/blog\/wp-content\/uploads\/2017\/08\/novakombi.mp4<\/a><\/video><\/div>\n<p>Fonte V\u00eddeo: <a href=\"http:\/\/www.vix.com\/pt\/\" target=\"_blank\">Vix<\/a><\/p>\n","protected":false},"excerpt":{"rendered":"<p>Hoje, Dia Nacional da Kombi, n\u00f3s viemos trazer uma novidade muito aguardada por aqueles que s\u00e3o apaixonados por ela.. A nova Kombi, foi apresentada como conceito no Sal\u00e3o do Autom\u00f3vel de Detroit deste ano. Segundo Hebert Diess, presidente do Conselho Administrativo de carros de passeio da Volkswagen, a produ\u00e7\u00e3o da nova Kombi est\u00e1 programada para &hellip;<\/p>\n","protected":false},"author":4,"featured_media":1404,"comment_status":"open","ping_status":"open","sticky":false,"template":"","format":"standard","meta":[],"categories":[170],"tags":[259,257,44,258,260,99],"_links":{"self":[{"href":"https:\/\/www.brasal.com.br\/veiculos\/blog\/wp-json\/wp\/v2\/posts\/1402"}],"collection":[{"href":"https:\/\/www.brasal.com.br\/veiculos\/blog\/wp-json\/wp\/v2\/posts"}],"about":[{"href":"https:\/\/www.brasal.com.br\/veiculos\/blog\/wp-json\/wp\/v2\/types\/post"}],"author":[{"embeddable":true,"href":"https:\/\/www.brasal.com.br\/veiculos\/blog\/wp-json\/wp\/v2\/users\/4"}],"replies":[{"embeddable":true,"href":"https:\/\/www.brasal.com.br\/veiculos\/blog\/wp-json\/wp\/v2\/comments?post=1402"}],"version-history":[{"count":9,"href":"https:\/\/www.brasal.com.br\/veiculos\/blog\/wp-json\/wp\/v2\/posts\/1402\/revisions"}],"predecessor-version":[{"id":1778,"href":"https:\/\/www.brasal.com.br\/veiculos\/blog\/wp-json\/wp\/v2\/posts\/1402\/revisions\/1778"}],"wp:featuredmedia":[{"embeddable":true,"href":"https:\/\/www.brasal.com.br\/veiculos\/blog\/wp-json\/wp\/v2\/media\/1404"}],"wp:attachment":[{"href":"https:\/\/www.brasal.com.br\/veiculos\/blog\/wp-json\/wp\/v2\/media?parent=1402"}],"wp:term":[{"taxonomy":"category","embeddable":true,"href":"https:\/\/www.brasal.com.br\/veiculos\/blog\/wp-json\/wp\/v2\/categories?post=1402"},{"taxonomy":"post_tag","embeddable":true,"href":"https:\/\/www.brasal.com.br\/veiculos\/blog\/wp-json\/wp\/v2\/tags?post=1402"}],"curies":[{"name":"wp","href":"https:\/\/api.w.org\/{rel}","templated":true}]}}