{"id":1361,"date":"2017-08-02T14:26:25","date_gmt":"2017-08-02T17:26:25","guid":{"rendered":"http:\/\/www.brasal.com.br\/veiculos\/blog\/?p=1361"},"modified":"2017-11-03T11:38:51","modified_gmt":"2017-11-03T13:38:51","slug":"expoagroformosa","status":"publish","type":"post","link":"https:\/\/www.brasal.com.br\/veiculos\/blog\/2017\/08\/02\/expoagroformosa\/","title":{"rendered":"ExpoAgro de Formosa &#8211; confira a programa\u00e7\u00e3o"},"content":{"rendered":"<p align=\"justify\">A <strong>ExpoAgro de Formosa<\/strong> est\u00e1 acontecendo e vai at\u00e9 o dia 05 de Agosto. O evento \u00e9 conhecido como a maior festa da cidade de Formosa e regi\u00e3o, e conta com uma ampla grade de shows, rodeio profissional, exposi\u00e7\u00f5es de carro, leil\u00f5es e muito mais.<\/p>\n<p>Os shows prometem agitar o p\u00fablico presente. Confira a programa\u00e7\u00e3o abaixo:<br \/>\nAtra\u00e7\u00f5es<br \/>\n29\/07 Di Paulo e Paulino<br \/>\n31\/07 Mar\u00edlia Mendon\u00e7a<br \/>\n03\/08 Humberto e Ronaldo<br \/>\n04\/08 Matheus e Kauan<br \/>\n05\/08 Felipe Ara\u00fajo<\/p>\n<p><strong>N\u00e3o esque\u00e7a de visitar o nosso stand e conhecer nossos carros de perto.<\/strong><br \/>\n<img decoding=\"async\" loading=\"lazy\" class=\"wp-image-1363 alignnone\" src=\"http:\/\/www.brasal.com.br\/veiculos\/blog\/wp-content\/uploads\/2017\/08\/ExpoAgro.png\" alt=\"ExpoAgro\" width=\"715\" height=\"578\" \/><\/p>\n","protected":false},"excerpt":{"rendered":"<p>A ExpoAgro de Formosa est\u00e1 acontecendo e vai at\u00e9 o dia 05 de Agosto. O evento \u00e9 conhecido como a maior festa da cidade de Formosa e regi\u00e3o, e conta com uma ampla grade de shows, rodeio profissional, exposi\u00e7\u00f5es de carro, leil\u00f5es e muito mais. Os shows prometem agitar o p\u00fablico presente. Confira a programa\u00e7\u00e3o &hellip;<\/p>\n","protected":false},"author":4,"featured_media":1363,"comment_status":"open","ping_status":"open","sticky":false,"template":"","format":"standard","meta":[],"categories":[53],"tags":[106,246,74,241,243,238,240,245,234,239,242,244],"_links":{"self":[{"href":"https:\/\/www.brasal.com.br\/veiculos\/blog\/wp-json\/wp\/v2\/posts\/1361"}],"collection":[{"href":"https:\/\/www.brasal.com.br\/veiculos\/blog\/wp-json\/wp\/v2\/posts"}],"about":[{"href":"https:\/\/www.brasal.com.br\/veiculos\/blog\/wp-json\/wp\/v2\/types\/post"}],"author":[{"embeddable":true,"href":"https:\/\/www.brasal.com.br\/veiculos\/blog\/wp-json\/wp\/v2\/users\/4"}],"replies":[{"embeddable":true,"href":"https:\/\/www.brasal.com.br\/veiculos\/blog\/wp-json\/wp\/v2\/comments?post=1361"}],"version-history":[{"count":4,"href":"https:\/\/www.brasal.com.br\/veiculos\/blog\/wp-json\/wp\/v2\/posts\/1361\/revisions"}],"predecessor-version":[{"id":1779,"href":"https:\/\/www.brasal.com.br\/veiculos\/blog\/wp-json\/wp\/v2\/posts\/1361\/revisions\/1779"}],"wp:featuredmedia":[{"embeddable":true,"href":"https:\/\/www.brasal.com.br\/veiculos\/blog\/wp-json\/wp\/v2\/media\/1363"}],"wp:attachment":[{"href":"https:\/\/www.brasal.com.br\/veiculos\/blog\/wp-json\/wp\/v2\/media?parent=1361"}],"wp:term":[{"taxonomy":"category","embeddable":true,"href":"https:\/\/www.brasal.com.br\/veiculos\/blog\/wp-json\/wp\/v2\/categories?post=1361"},{"taxonomy":"post_tag","embeddable":true,"href":"https:\/\/www.brasal.com.br\/veiculos\/blog\/wp-json\/wp\/v2\/tags?post=1361"}],"curies":[{"name":"wp","href":"https:\/\/api.w.org\/{rel}","templated":true}]}}