{"id":1332,"date":"2017-07-19T11:18:14","date_gmt":"2017-07-19T14:18:14","guid":{"rendered":"http:\/\/www.brasal.com.br\/veiculos\/blog\/?p=1332"},"modified":"2017-11-03T11:48:13","modified_gmt":"2017-11-03T13:48:13","slug":"excessodepeso","status":"publish","type":"post","link":"https:\/\/www.brasal.com.br\/veiculos\/blog\/2017\/07\/19\/excessodepeso\/","title":{"rendered":"Saiba os efeitos que o excesso de peso pode causar no seu carro."},"content":{"rendered":"<p><img decoding=\"async\" loading=\"lazy\" class=\"alignleft wp-image-1338\" src=\"http:\/\/www.brasal.com.br\/veiculos\/blog\/wp-content\/uploads\/2017\/06\/Porta-malas-e1498671806687.jpg\" alt=\"Porta-malas\" width=\"351\" height=\"200\" srcset=\"https:\/\/www.brasal.com.br\/veiculos\/blog\/wp-content\/uploads\/2017\/06\/Porta-malas-e1498671806687.jpg 440w, https:\/\/www.brasal.com.br\/veiculos\/blog\/wp-content\/uploads\/2017\/06\/Porta-malas-e1498671806687-300x171.jpg 300w\" sizes=\"(max-width: 351px) 100vw, 351px\" \/><\/p>\n<p align=\"justify\">Voc\u00ea sabia que o excesso de carga pode diminuir a vida \u00fatil do seu carro?! Algumas pessoas tem o\u00a0h\u00e1bito de rodar com excesso de peso no carro, principalmente em viagens, e desaten\u00e7\u00e3o nesse ponto pode causar o desgaste prematuro de pneus, freios, suspens\u00e3o e \u00f3leo e elevar o consumo de combust\u00edvel.<\/p>\n<p align=\"justify\">Confira\u00a0algumas\u00a0dicas para roda com seguran\u00e7a com carga total e os problemas que voc\u00ea pode enfrentar:<\/p>\n<div class=\"colMain\">\n<div class=\"articleData \">\n<ul>\n<li><strong>Pneus<br \/>\n<\/strong><\/p>\n<p align=\"justify\">Com o carro cheio, os pneus precisam de mais press\u00e3o. Cada modelo traz indica\u00e7\u00e3o de calibragem para o ve\u00edculo vazio e com carga total, limite esse que deve ser respeitado. Caso contr\u00e1rio, o desgaste ser\u00e1 maior e o carro ficar\u00e1 com menos estabilidade. Rodar com sobrecarga danifica tamb\u00e9m a estrutura do pneu, podendo causar deforma\u00e7\u00f5es como bolhas, o que diminui a vida \u00fatil.<\/li>\n<\/ul>\n<\/div>\n<div class=\"articleData \">\n<ul>\n<li><strong>Freios<br \/>\n<\/strong><\/p>\n<p align=\"justify\">Dirigir um carro com sobrepeso vai exigir mais do freio. O sistema ser\u00e1 submetido a um esfor\u00e7o maior para conseguir parar. E quanto maior a velocidade, maior a dificuldade. Esse esfor\u00e7o extra ocasiona o desgaste prematuro do sistema. Os principais componentes &#8211; as pastilhas, o tambor e a lona &#8211; ter\u00e3o seu processo de desgaste natural acelerado.<\/li>\n<\/ul>\n<\/div>\n<\/div>\n<div class=\"colMain\">\n<div class=\"articleData \">\n<ul>\n<li><strong>Combust\u00edvel<br \/>\n<\/strong><\/p>\n<p align=\"justify\">Ao usar o autom\u00f3vel com peso extremo, o aumento do consumo ser\u00e1 um dos primeiros sinais percept\u00edveis ao motorista. Para poder desempenhar a mesma velocidade de costume, o motor ser\u00e1 mais exigido, o que resulta em maior consumo de combust\u00edvel. Conforme informa\u00e7\u00f5es da Volkswagen, a cada 100 quilos de peso o ve\u00edculo consome 1 litro a mais a cada 100 quil\u00f4metros rodados.<\/li>\n<li><strong>Suspens\u00e3o<br \/>\n<\/strong><\/p>\n<p align=\"justify\">O sistema de suspens\u00e3o sofre desgaste acentuado quando submetido a excesso de peso. A exig\u00eancia do amortecedor para controlar o ve\u00edculo carregado \u00e9 maior. Componentes como as molas, por exemplo, ser\u00e3o submetidos a um esfor\u00e7o superior. O motorista pode perceber isso atrav\u00e9s de ru\u00eddos e folgas no sistema. E um problema leva a outro. A folga pode gerar tamb\u00e9m o desgaste prematuro dos pneus.<\/li>\n<li><strong>\u00d3leo<br \/>\n<\/strong><\/p>\n<p align=\"justify\">O aumento do consumo de \u00f3leo pode ser mais um sintoma do\u00a0sobrepeso, mas talvez esse seja o menos percept\u00edvel ao motorista. Ao guiar com peso extremo, o motor do carro \u00e9 mais exigido para desempenhar uma determinada velocidade e consequentemente o consumo de \u00f3leo para lubrificar o motor aumenta. Em caso de carga total frequente, revise o n\u00edvel do \u00f3leo com maior frequ\u00eancia, pelo menos uma vez por semana. As trocas tamb\u00e9m devem ser antecipadas.<\/li>\n<\/ul>\n<\/div>\n<\/div>\n<div class=\"colMain\">\n<div class=\"articleData \">\n<p align=\"justify\">Em todos os manuais de carros h\u00e1 indica\u00e7\u00e3o de peso m\u00e1ximo do ve\u00edculo carregado. Associado \u00e0 carga tamb\u00e9m est\u00e1 a calibragem dos pneus, valores diferentes para rodar vazio ou com lota\u00e7\u00e3o m\u00e1xima. Essa orienta\u00e7\u00e3o deve ser seguida \u00e0 risca, e n\u00e3o\u00a0esque\u00e7a de fazer as revis\u00f5es do seu veiculo regularmente. Voc\u00ea pode clicar<em><strong> aqui<\/strong><\/em> e agendar a sua.<\/p>\n<\/div>\n<\/div>\n<div class=\"bottom-elements-article\">\n<div id=\"social-comments\" class=\"social-comments\"><\/div>\n<div class=\"social-comments\">Fonte:\u00a0<a href=\"https:\/\/www.terra.com.br\/\">Terra<\/a><\/div>\n<\/div>\n","protected":false},"excerpt":{"rendered":"<p>Voc\u00ea sabia que o excesso de carga pode diminuir a vida \u00fatil do seu carro?! Algumas pessoas tem o\u00a0h\u00e1bito de rodar com excesso de peso no carro, principalmente em viagens, e desaten\u00e7\u00e3o nesse ponto pode causar o desgaste prematuro de pneus, freios, suspens\u00e3o e \u00f3leo e elevar o consumo de combust\u00edvel. Confira\u00a0algumas\u00a0dicas para roda com &hellip;<\/p>\n","protected":false},"author":5,"featured_media":1357,"comment_status":"open","ping_status":"open","sticky":false,"template":"","format":"standard","meta":[],"categories":[40],"tags":[166,55,236,165,237,234,46,235,99],"_links":{"self":[{"href":"https:\/\/www.brasal.com.br\/veiculos\/blog\/wp-json\/wp\/v2\/posts\/1332"}],"collection":[{"href":"https:\/\/www.brasal.com.br\/veiculos\/blog\/wp-json\/wp\/v2\/posts"}],"about":[{"href":"https:\/\/www.brasal.com.br\/veiculos\/blog\/wp-json\/wp\/v2\/types\/post"}],"author":[{"embeddable":true,"href":"https:\/\/www.brasal.com.br\/veiculos\/blog\/wp-json\/wp\/v2\/users\/5"}],"replies":[{"embeddable":true,"href":"https:\/\/www.brasal.com.br\/veiculos\/blog\/wp-json\/wp\/v2\/comments?post=1332"}],"version-history":[{"count":22,"href":"https:\/\/www.brasal.com.br\/veiculos\/blog\/wp-json\/wp\/v2\/posts\/1332\/revisions"}],"predecessor-version":[{"id":1791,"href":"https:\/\/www.brasal.com.br\/veiculos\/blog\/wp-json\/wp\/v2\/posts\/1332\/revisions\/1791"}],"wp:featuredmedia":[{"embeddable":true,"href":"https:\/\/www.brasal.com.br\/veiculos\/blog\/wp-json\/wp\/v2\/media\/1357"}],"wp:attachment":[{"href":"https:\/\/www.brasal.com.br\/veiculos\/blog\/wp-json\/wp\/v2\/media?parent=1332"}],"wp:term":[{"taxonomy":"category","embeddable":true,"href":"https:\/\/www.brasal.com.br\/veiculos\/blog\/wp-json\/wp\/v2\/categories?post=1332"},{"taxonomy":"post_tag","embeddable":true,"href":"https:\/\/www.brasal.com.br\/veiculos\/blog\/wp-json\/wp\/v2\/tags?post=1332"}],"curies":[{"name":"wp","href":"https:\/\/api.w.org\/{rel}","templated":true}]}}