{"id":1204,"date":"2017-05-03T16:41:50","date_gmt":"2017-05-03T19:41:50","guid":{"rendered":"http:\/\/www.brasal.com.br\/veiculos\/blog\/?p=1204"},"modified":"2017-05-04T17:50:25","modified_gmt":"2017-05-04T20:50:25","slug":"maio-amarelo-minhaescolhafazadiferenca","status":"publish","type":"post","link":"https:\/\/www.brasal.com.br\/veiculos\/blog\/2017\/05\/03\/maio-amarelo-minhaescolhafazadiferenca\/","title":{"rendered":"Maio Amarelo &#8211; #MinhaEscolhaFazADiferen\u00e7a"},"content":{"rendered":"<p>Maio j\u00e1 chegou e tr\u00e1s junto com ele o movimento do <em>Maio Amarelo<\/em> para chamar a aten\u00e7\u00e3o da sociedade para o alto \u00edndice de mortes e feridos no tr\u00e2nsito em todo o mundo.<\/p>\n<p>No tr\u00e2nsito cada escolha que \u00e9 feita faz a diferen\u00e7a. Celular ao volante, beber e dirigir, n\u00e3o usar cinto, e outras atitudes, podem ser a causa de acidentes com graves consequ\u00eancias. E \u00e9 por isso que este ano a campanha do Maio Amarelo \u00e9: <strong>#MinhaEscolhaFazADiferen\u00e7a<\/strong>.<br \/>\nConta pra gente aqui embaixo, qual \u00e9 a sua escolha?<\/p>\n<div style=\"width: 618px;\" class=\"wp-video\"><!--[if lt IE 9]><script>document.createElement('video');<\/script><![endif]-->\n<video class=\"wp-video-shortcode\" id=\"video-1204-1\" width=\"618\" height=\"348\" preload=\"metadata\" controls=\"controls\"><source type=\"video\/mp4\" src=\"http:\/\/www.brasal.com.br\/veiculos\/blog\/wp-content\/uploads\/2017\/05\/MINHA_ESCOLHA_FAZ_A_DIFEREN_A_MAIO_AMARELO.mp4?_=1\" \/><a href=\"http:\/\/www.brasal.com.br\/veiculos\/blog\/wp-content\/uploads\/2017\/05\/MINHA_ESCOLHA_FAZ_A_DIFEREN_A_MAIO_AMARELO.mp4\">http:\/\/www.brasal.com.br\/veiculos\/blog\/wp-content\/uploads\/2017\/05\/MINHA_ESCOLHA_FAZ_A_DIFEREN_A_MAIO_AMARELO.mp4<\/a><\/video><\/div>\n<p>&nbsp;<\/p>\n<p>Conhe\u00e7a mais sobre esse movimento: <a href=\"http:\/\/maioamarelo.com\/\">MaioAmarelo.com<\/a><\/p>\n","protected":false},"excerpt":{"rendered":"<p>Maio j\u00e1 chegou e tr\u00e1s junto com ele o movimento do Maio Amarelo para chamar a aten\u00e7\u00e3o da sociedade para o alto \u00edndice de mortes e feridos no tr\u00e2nsito em todo o mundo. No tr\u00e2nsito cada escolha que \u00e9 feita faz a diferen\u00e7a. Celular ao volante, beber e dirigir, n\u00e3o usar cinto, e outras atitudes, &hellip;<\/p>\n","protected":false},"author":4,"featured_media":1208,"comment_status":"open","ping_status":"open","sticky":false,"template":"","format":"standard","meta":[],"categories":[170],"tags":[225,226,201,227,224,114],"_links":{"self":[{"href":"https:\/\/www.brasal.com.br\/veiculos\/blog\/wp-json\/wp\/v2\/posts\/1204"}],"collection":[{"href":"https:\/\/www.brasal.com.br\/veiculos\/blog\/wp-json\/wp\/v2\/posts"}],"about":[{"href":"https:\/\/www.brasal.com.br\/veiculos\/blog\/wp-json\/wp\/v2\/types\/post"}],"author":[{"embeddable":true,"href":"https:\/\/www.brasal.com.br\/veiculos\/blog\/wp-json\/wp\/v2\/users\/4"}],"replies":[{"embeddable":true,"href":"https:\/\/www.brasal.com.br\/veiculos\/blog\/wp-json\/wp\/v2\/comments?post=1204"}],"version-history":[{"count":6,"href":"https:\/\/www.brasal.com.br\/veiculos\/blog\/wp-json\/wp\/v2\/posts\/1204\/revisions"}],"predecessor-version":[{"id":1226,"href":"https:\/\/www.brasal.com.br\/veiculos\/blog\/wp-json\/wp\/v2\/posts\/1204\/revisions\/1226"}],"wp:featuredmedia":[{"embeddable":true,"href":"https:\/\/www.brasal.com.br\/veiculos\/blog\/wp-json\/wp\/v2\/media\/1208"}],"wp:attachment":[{"href":"https:\/\/www.brasal.com.br\/veiculos\/blog\/wp-json\/wp\/v2\/media?parent=1204"}],"wp:term":[{"taxonomy":"category","embeddable":true,"href":"https:\/\/www.brasal.com.br\/veiculos\/blog\/wp-json\/wp\/v2\/categories?post=1204"},{"taxonomy":"post_tag","embeddable":true,"href":"https:\/\/www.brasal.com.br\/veiculos\/blog\/wp-json\/wp\/v2\/tags?post=1204"}],"curies":[{"name":"wp","href":"https:\/\/api.w.org\/{rel}","templated":true}]}}