{"id":1134,"date":"2017-04-10T16:44:02","date_gmt":"2017-04-10T19:44:02","guid":{"rendered":"http:\/\/www.brasal.com.br\/veiculos\/blog\/?p=1134"},"modified":"2017-04-10T17:03:26","modified_gmt":"2017-04-10T20:03:26","slug":"concurso-meuvwembsb-brasal-veiculos","status":"publish","type":"post","link":"https:\/\/www.brasal.com.br\/veiculos\/blog\/2017\/04\/10\/concurso-meuvwembsb-brasal-veiculos\/","title":{"rendered":"CONCURSO #MEUVWEMBSB &#8211; BRASAL VE\u00cdCULOS"},"content":{"rendered":"<div class=\"_2cuy _3dgx\" data-block=\"true\" data-editor=\"eneut\" data-offset-key=\"968d6-0-0\">\n<div class=\"_1mf _1mj\" data-offset-key=\"968d6-0-0\"><img decoding=\"async\" loading=\"lazy\" class=\"alignnone wp-image-1141 size-full\" src=\"http:\/\/www.brasal.com.br\/veiculos\/blog\/wp-content\/uploads\/2017\/04\/MEUVWEMBSB-1-e1491851590488.png\" alt=\"#MEUVWEMBSB (1)\" width=\"1024\" height=\"281\" srcset=\"https:\/\/www.brasal.com.br\/veiculos\/blog\/wp-content\/uploads\/2017\/04\/MEUVWEMBSB-1-e1491851590488.png 1024w, https:\/\/www.brasal.com.br\/veiculos\/blog\/wp-content\/uploads\/2017\/04\/MEUVWEMBSB-1-e1491851590488-300x82.png 300w, https:\/\/www.brasal.com.br\/veiculos\/blog\/wp-content\/uploads\/2017\/04\/MEUVWEMBSB-1-e1491851590488-768x211.png 768w\" sizes=\"(max-width: 1024px) 100vw, 1024px\" \/><\/div>\n<\/div>\n<div class=\"_1mf _1mj\" data-offset-key=\"968d6-0-0\">.<\/div>\n<div class=\"_2cuy _3dgx\" data-block=\"true\" data-editor=\"eneut\" data-offset-key=\"968d6-0-0\">\n<div class=\"_1mf _1mj\" data-offset-key=\"968d6-0-0\">\u00a0Todo mundo tem um momento especial com a nossa capital e um Volkswagen. Pensando nisso, a Brasal\u00a0em comemora\u00e7\u00e3o ao Anivers\u00e1rio de Bras\u00edlia, est\u00e1 lan\u00e7ando o concurso #MEUVWEMBSB, onde premia com uma Impermeabiliza\u00e7\u00e3o dos bancos e Prote\u00e7\u00e3o de pintura, quem postar uma foto na p\u00e1gina do facebook da Brasal Veiculos, com seu Volkswagen em algum ponto de Brasilia (usando a hastag) e tiver a foto mais curtida.<\/div>\n<div class=\"_1mf _1mj\" data-offset-key=\"968d6-0-0\"><strong><a href=\"https:\/\/goo.gl\/A1CcYn\">Clique aqui<\/a><\/strong>, e participe!<\/div>\n<\/div>\n<div class=\"_1mf _1mj\" data-offset-key=\"968d6-0-0\"><\/div>\n<div class=\"_1mf _1mj\" data-offset-key=\"968d6-0-0\">&#8230;<\/div>\n<div class=\"_1mf _1mj\" data-offset-key=\"968d6-0-0\"><\/div>\n<div class=\"_1mf _1mj\" data-offset-key=\"968d6-0-0\"><\/div>\n<div class=\"_2cuy _3dgx\" data-block=\"true\" data-editor=\"eneut\" data-offset-key=\"968d6-0-0\">\n<div class=\"_1mf _1mj\" style=\"text-align: left;\" data-offset-key=\"968d6-0-0\"><span data-offset-key=\"968d6-0-0\"><span data-text=\"true\">\u00a0 REGULAMENTO CONCURSO BRASAL VE\u00cdCULOS \u2013 MEU VW EM BSB PREMIA\u00c7\u00c3O DE UMA <\/span><\/span><\/div>\n<div class=\"_1mf _1mj\" style=\"text-align: left;\" data-offset-key=\"968d6-0-0\"><span data-offset-key=\"968d6-0-0\"><span data-text=\"true\">\u00a0 IMPERMEABILIZA\u00c7\u00c3O DOS BANCOS + PROTE\u00c7\u00c3O DE PINTURA DIA 21 DE ABRIL DE 2017. <\/span><\/span><\/div>\n<div class=\"_1mf _1mj\" style=\"text-align: left;\" data-offset-key=\"968d6-0-0\"><span data-offset-key=\"968d6-0-0\"><span data-text=\"true\">\u00a0 10 de Abril de 2016 \u00e0s 15:30h.<\/span><\/span><\/div>\n<div class=\"_1mf _1mj\" data-offset-key=\"968d6-0-0\"><\/div>\n<\/div>\n<div class=\"_2cuy _3dgx\" data-block=\"true\" data-editor=\"eneut\" data-offset-key=\"1dsro-0-0\">\n<div class=\"_1mf _1mj\" data-offset-key=\"1dsro-0-0\"><span data-offset-key=\"1dsro-0-0\"><span data-text=\"true\"> Regras: 1. Objetivo e Prazos do concurso: <\/span><\/span><\/div>\n<\/div>\n<ul class=\"_1bv0\" data-offset-key=\"5fghm-0-0\">\n<li class=\"_2cuy _509q _3kpz _3kq0 _3kq1 _3kq6\" data-block=\"true\" data-editor=\"eneut\" data-offset-key=\"5fghm-0-0\">\n<div class=\"_1mf _1mj\" data-offset-key=\"5fghm-0-0\"><span data-offset-key=\"5fghm-0-0\"><span data-text=\"true\">O concurso tem por objetivo premiar o vencedor com uma Impermeabiliza\u00e7\u00e3o dos bancos e Prote\u00e7\u00e3o de pintura em seu ve\u00edculo, servi\u00e7os feitos na pr\u00f3pria Brasal Ve\u00edculos. Para a participa\u00e7\u00e3o no concurso, \u00e9 obrigat\u00f3ria a publica\u00e7\u00e3o de uma fotografia contendo um carro Volkswagen em algum local de Bras\u00edlia\/DF. S\u00f3 ser\u00e3o aceitas as fotografias que forem publicadas em nosso post oficial do concurso, localizado na p\u00e1gina da Brasal Ve\u00edculos durante o per\u00edodo estipulado no presente regulamento. O concurso \u00e9 aberto a todas as pessoas f\u00edsicas do Distrito Federal e entorno, que desejarem participar. O vencedor ser\u00e1 aquele participante que conseguir o maior n\u00famero de curtidas em sua foto.<\/span><\/span><\/div>\n<\/li>\n<li class=\"_2cuy _509q _3kpz _3kq1 _3kq6\" data-block=\"true\" data-editor=\"eneut\" data-offset-key=\"8cd2e-0-0\">\n<div class=\"_1mf _1mj\" data-offset-key=\"8cd2e-0-0\"><span data-offset-key=\"8cd2e-0-0\"><span data-text=\"true\">O concurso ter\u00e1 in\u00edcio no dia 10 de Abril de 2017, a partir das 16:00h, hor\u00e1rio de Bras\u00edlia, e prazo final de participa\u00e7\u00e3o ser\u00e1 \u00e0s 16h do dia 20 de Abril de 2017. Ap\u00f3s esta data e hor\u00e1rio, eventuais participa\u00e7\u00f5es ser\u00e3o desconsideradas. O vencedor ser\u00e1 divulgado dia 21 de Abril de 2017, na Fan Page oficial da Brasal Ve\u00edculos no Facebook (<\/span><\/span><a class=\"_42a-\" href=\"http:\/\/www.facebook.com\/brasalveiculos\" target=\"_blank\" data-tooltip-content=\"http:\/\/www.facebook.com\/brasalveiculos\" data-hover=\"tooltip\" data-offset-key=\"8cd2e-1-0\" data-tooltip-alignh=\"center\"><span data-offset-key=\"8cd2e-1-0\"><span data-text=\"true\">www.facebook.com\/brasalveiculos<\/span><\/span><\/a><span data-offset-key=\"8cd2e-2-0\"><span data-text=\"true\">) e por mensagem direta via Facebook at\u00e9 \u00e0s 18h. <\/span><\/span><\/div>\n<\/li>\n<li class=\"_2cuy _509q _3kpz _3kq1 _3kq6\" data-block=\"true\" data-editor=\"eneut\" data-offset-key=\"52bd-0-0\">\n<div class=\"_1mf _1mj\" data-offset-key=\"52bd-0-0\"><span data-offset-key=\"52bd-0-0\"><span data-text=\"true\">A Brasal Ve\u00edculos n\u00e3o se responsabilizar\u00e1 pelas participa\u00e7\u00f5es que n\u00e3o forem realizadas por problemas na transmiss\u00e3o de dados, no servidor, nas linhas telef\u00f4nicas ou em provedores de acesso dos usu\u00e1rios, por erros na leitura dos &#8220;scripts&#8221;, ou ainda, por falta de energia el\u00e9trica, sem exclus\u00e3o das demais situa\u00e7\u00f5es n\u00e3o previstas neste regulamento, incluindo as decorrentes de caso fortuito ou for\u00e7a maior. <\/span><\/span><\/div>\n<\/li>\n<\/ul>\n<div class=\"_2cuy _3dgx\" data-block=\"true\" data-editor=\"eneut\" data-offset-key=\"6tgj4-0-0\">\n<p><span data-offset-key=\"6tgj4-0-0\"><span data-text=\"true\">2. Crit\u00e9rio de Participa\u00e7\u00e3o <\/span><\/span><\/p>\n<\/div>\n<div class=\"_2cuy _3dgx\" data-block=\"true\" data-editor=\"eneut\" data-offset-key=\"1suku-0-0\">\n<div class=\"_1mf _1mj\" data-offset-key=\"1suku-0-0\"><span data-offset-key=\"1suku-0-0\"><span data-text=\"true\">2.1. Para participar, os interessados devem: (i) enviar em nosso post oficial do concurso, uma fotografia de um Volkswagen em algum local de Bras\u00edlia\/DF; (ii) ler o regulamento.<\/span><\/span><\/div>\n<div class=\"_1mf _1mj\" data-offset-key=\"1suku-0-0\"><span data-offset-key=\"1suku-0-0\"><span data-text=\"true\"> 2.1.1. O participante que enviar a fotografia dever\u00e1 ter a foto mais curtida para ganhar os pr\u00eamios. 2.2. Ser\u00e3o desconsideradas as participa\u00e7\u00f5es realizadas com ve\u00edculos de outras marcas. <\/span><\/span><\/div>\n<div class=\"_1mf _1mj\" data-offset-key=\"1suku-0-0\"><span data-offset-key=\"1suku-0-0\"><span data-text=\"true\">2.3. A participa\u00e7\u00e3o \u00e9 volunt\u00e1ria e gratuita, sem sujei\u00e7\u00e3o dos participantes a qualquer esp\u00e9cie de cobran\u00e7a, desembolso ou compra de qualquer bem, direito ou servi\u00e7o da empresa promotora ou de terceiros. <\/span><\/span><\/div>\n<div class=\"_1mf _1mj\" data-offset-key=\"1suku-0-0\"><span data-offset-key=\"1suku-0-0\"><span data-text=\"true\">2.4. A simples participa\u00e7\u00e3o neste concurso implica em total conhecimento e aceita\u00e7\u00e3o irrestrita dos itens deste regulamento e eventuais anexos, retifica\u00e7\u00f5es ou ratifica\u00e7\u00f5es. <\/span><\/span><\/div>\n<\/div>\n<div class=\"_2cuy _3dgx\" data-block=\"true\" data-editor=\"eneut\" data-offset-key=\"b1vb7-0-0\">\n<div class=\"_1mf _1mj\" data-offset-key=\"b1vb7-0-0\">\u00a03. Da Entrega dos Pr\u00eamios<\/div>\n<\/div>\n<div class=\"_2cuy _3dgx\" data-block=\"true\" data-editor=\"eneut\" data-offset-key=\"3p3n1-0-0\">\n<div class=\"_1mf _1mj\" data-offset-key=\"3p3n1-0-0\"><span data-offset-key=\"3p3n1-0-0\"><span data-text=\"true\">3.1. O nome do premiado ser\u00e1 divulgado na Fan Page oficial da Brasal Ve\u00edculos no Facebook (<\/span><\/span><a id=\"js_j2s\" class=\"_42a-\" href=\"http:\/\/www.facebook.com\/brasalveiculos\" target=\"_blank\" data-tooltip-content=\"http:\/\/www.facebook.com\/brasalveiculos\" data-hover=\"tooltip\" data-offset-key=\"3p3n1-1-0\" data-tooltip-alignh=\"center\"><span data-offset-key=\"3p3n1-1-0\"><span data-text=\"true\">www.facebook.com\/brasalveiculos<\/span><\/span><\/a><span data-offset-key=\"3p3n1-2-0\"><span data-text=\"true\">) e por mensagem via Facebook at\u00e9 \u00e0s 18h do dia 21 de Abril de 2017. <\/span><\/span><\/div>\n<div class=\"_1mf _1mj\" data-offset-key=\"3p3n1-0-0\"><span data-offset-key=\"3p3n1-2-0\"><span data-text=\"true\">3.2. O sorteado dever\u00e1 entrar em contato com a Brasal Ve\u00edculos no n\u00famero (61) 3962-6709 para agendar um hor\u00e1rio para os servi\u00e7os de Impermeabiliza\u00e7\u00e3o dos bancos e prote\u00e7\u00e3o de pintura serem feitos, at\u00e9 o dia 28 de Abril de 2017. Caso o ve\u00edculo do sorteado possua bancos em couro, n\u00e3o ser\u00e1 poss\u00edvel realizar a impermeabiliza\u00e7\u00e3o dos bancos, ser\u00e1 feita apenas a prote\u00e7\u00e3o de pintura. <\/span><\/span><\/div>\n<\/div>\n<div class=\"_2cuy _3dgx\" data-block=\"true\" data-editor=\"eneut\" data-offset-key=\"jr6i-0-0\">\n<div class=\"_1mf _1mj\" data-offset-key=\"jr6i-0-0\">4. Disposi\u00e7\u00f5es Finais<\/div>\n<div class=\"_1mf _1mj\" data-offset-key=\"jr6i-0-0\">4.1. Todos os participantes do concurso que enviarem a fotografia corretamente estar\u00e3o aptos a participar.<\/div>\n<div class=\"_1mf _1mj\" data-offset-key=\"jr6i-0-0\">4.2. O concurso tem toda a sua estrutura tecnol\u00f3gica baseada em sistemas de hardware e software mantidos em ambiente reservado e seguro. Ser\u00e3o automaticamente desclassificados deste concurso os participantes que tentarem desrespeitar qualquer um dos itens deste regulamento, ou ainda, utilizarem quaisquer meios il\u00edcitos para obter benef\u00edcio pr\u00f3prio ou para terceiro.<\/div>\n<\/div>\n<div class=\"_2cuy _3dgx\" data-block=\"true\" data-editor=\"eneut\" data-offset-key=\"70t9a-0-0\">\n<div class=\"_1mf _1mj\" data-offset-key=\"70t9a-0-0\"><span data-offset-key=\"70t9a-0-0\"><span data-text=\"true\">4.3. Os participantes, no ato de participa\u00e7\u00e3o no concurso e ades\u00e3o a este regulamento, autorizam a divulga\u00e7\u00e3o de seu nome, do texto postado e das imagens enviadas, bem como o uso gratuito de tais imagens em fotos, cartazes, filmes e\/ou spots, jingles e\/ou vinhetas, em qualquer tipo de m\u00eddia, pe\u00e7as promocionais e campanhas on-line, pelo prazo de 02 (dois) anos, a contar da data de in\u00edcio deste concurso, sem fazer jus a qualquer pagamento da Brasal.<\/span><\/span><\/div>\n<div class=\"_1mf _1mj\" data-offset-key=\"70t9a-0-0\"><span data-offset-key=\"70t9a-0-0\"><span data-text=\"true\"> 4.4. Tendo em vista as caracter\u00edsticas inerentes ao ambiente da Internet, a Brasal n\u00e3o tem como garantir que o acesso aos seus sites ou suas fan pages, inclusive a este concurso, esteja livre de invas\u00f5es, interrup\u00e7\u00f5es ou suspens\u00f5es, ocasionadas por casos fortuitos, internos ou externos, casos de for\u00e7a maior ou por outros casos n\u00e3o inteiramente sujeitos ao seu controle, se eximindo de qualquer responsabilidade proveniente de tais fatos e\/ou atos. 4.5. A Brasal poder\u00e1 suspender ou interromper definitivamente este sorteio a qualquer tempo, ao seu exclusivo crit\u00e9rio, sem que sejam devidos aos participantes ainda n\u00e3o eleito vencedor quaisquer premia\u00e7\u00f5es, bonifica\u00e7\u00f5es ou compensa\u00e7\u00f5es.<\/span><\/span><\/div>\n<div class=\"_1mf _1mj\" data-offset-key=\"70t9a-0-0\"><span data-offset-key=\"70t9a-0-0\"><span data-text=\"true\"> 4.6. As quest\u00f5es n\u00e3o previstas neste regulamento ou qualquer d\u00favida que possa surgir ser\u00e3o julgadas por uma comiss\u00e3o composta por 03 (tr\u00eas) representantes da Brasal Ve\u00edculos, cujas decis\u00f5es s\u00e3o soberanas e irrecorr\u00edveis. Participar deste concurso implica na aceita\u00e7\u00e3o sem reservas deste regulamento.<\/span><\/span><\/div>\n<div class=\"_1mf _1mj\" data-offset-key=\"70t9a-0-0\"><span data-offset-key=\"70t9a-0-0\"><span data-text=\"true\"> 4.7. A participa\u00e7\u00e3o neste concurso implica na aceita\u00e7\u00e3o total de todos os itens deste regulamento, que poder\u00e1 ser alterado pelos seus organizadores tantas vezes quanto necess\u00e1rio, garantida a sua divulga\u00e7\u00e3o de forma eficaz, a crit\u00e9rio, tamb\u00e9m, dos organizadores. <\/span><\/span><\/div>\n<div class=\"_1mf _1mj\" data-offset-key=\"70t9a-0-0\"><span data-offset-key=\"70t9a-0-0\"><span data-text=\"true\">4.8. Este concurso \u00e9 exclusivamente recreativo, sem qualquer modalidade de pagamento pelos participantes, nem vincula\u00e7\u00e3o destes ou dos vencedores \u00e0 aquisi\u00e7\u00e3o ou uso de qualquer bem, direito ou servi\u00e7o, promovido pela Brasal de acordo com a Portaria n\u00ba 422 do MINIST\u00c9RIO DE ESTADO DA FAZENDA de 18 de julho de 2013, que regula o artigo art. 3\u00ba, inciso II, da Lei n\u00ba 5.768\/71 e art. 30 do Decreto- Lei n\u00ba 70.951\/72.<\/span><\/span><\/div>\n<div class=\"_1mf _1mj\" data-offset-key=\"70t9a-0-0\"><span data-offset-key=\"70t9a-0-0\"><span data-text=\"true\"> 4.9. Aplica-se a este concurso, incluindo, mas sem se limitar \u00e0 sua divulga\u00e7\u00e3o, condu\u00e7\u00e3o, \u00e0s participa\u00e7\u00f5es e \u00e0s premia\u00e7\u00f5es, a legisla\u00e7\u00e3o brasileira e fica eleito o foro de Bras\u00edlia\/DF para dirimir quaisquer controv\u00e9rsias oriundas desta. <\/span><\/span><\/div>\n<\/div>\n","protected":false},"excerpt":{"rendered":"<p>. \u00a0Todo mundo tem um momento especial com a nossa capital e um Volkswagen. Pensando nisso, a Brasal\u00a0em comemora\u00e7\u00e3o ao Anivers\u00e1rio de Bras\u00edlia, est\u00e1 lan\u00e7ando o concurso #MEUVWEMBSB, onde premia com uma Impermeabiliza\u00e7\u00e3o dos bancos e Prote\u00e7\u00e3o de pintura, quem postar uma foto na p\u00e1gina do facebook da Brasal Veiculos, com seu Volkswagen em algum &hellip;<\/p>\n","protected":false},"author":5,"featured_media":1135,"comment_status":"open","ping_status":"open","sticky":false,"template":"","format":"standard","meta":[],"categories":[170],"tags":[218,168,217,99],"_links":{"self":[{"href":"https:\/\/www.brasal.com.br\/veiculos\/blog\/wp-json\/wp\/v2\/posts\/1134"}],"collection":[{"href":"https:\/\/www.brasal.com.br\/veiculos\/blog\/wp-json\/wp\/v2\/posts"}],"about":[{"href":"https:\/\/www.brasal.com.br\/veiculos\/blog\/wp-json\/wp\/v2\/types\/post"}],"author":[{"embeddable":true,"href":"https:\/\/www.brasal.com.br\/veiculos\/blog\/wp-json\/wp\/v2\/users\/5"}],"replies":[{"embeddable":true,"href":"https:\/\/www.brasal.com.br\/veiculos\/blog\/wp-json\/wp\/v2\/comments?post=1134"}],"version-history":[{"count":15,"href":"https:\/\/www.brasal.com.br\/veiculos\/blog\/wp-json\/wp\/v2\/posts\/1134\/revisions"}],"predecessor-version":[{"id":1152,"href":"https:\/\/www.brasal.com.br\/veiculos\/blog\/wp-json\/wp\/v2\/posts\/1134\/revisions\/1152"}],"wp:featuredmedia":[{"embeddable":true,"href":"https:\/\/www.brasal.com.br\/veiculos\/blog\/wp-json\/wp\/v2\/media\/1135"}],"wp:attachment":[{"href":"https:\/\/www.brasal.com.br\/veiculos\/blog\/wp-json\/wp\/v2\/media?parent=1134"}],"wp:term":[{"taxonomy":"category","embeddable":true,"href":"https:\/\/www.brasal.com.br\/veiculos\/blog\/wp-json\/wp\/v2\/categories?post=1134"},{"taxonomy":"post_tag","embeddable":true,"href":"https:\/\/www.brasal.com.br\/veiculos\/blog\/wp-json\/wp\/v2\/tags?post=1134"}],"curies":[{"name":"wp","href":"https:\/\/api.w.org\/{rel}","templated":true}]}}