{"id":1061,"date":"2017-03-21T10:31:00","date_gmt":"2017-03-21T13:31:00","guid":{"rendered":"http:\/\/www.brasal.com.br\/veiculos\/blog\/?p=1061"},"modified":"2017-03-21T14:20:36","modified_gmt":"2017-03-21T17:20:36","slug":"volkswagen-brasil","status":"publish","type":"post","link":"https:\/\/www.brasal.com.br\/veiculos\/blog\/2017\/03\/21\/volkswagen-brasil\/","title":{"rendered":"25 curiosidades da Volkswagen Brasil"},"content":{"rendered":"<p><img decoding=\"async\" loading=\"lazy\" class=\"aligncenter size-full wp-image-1063\" src=\"http:\/\/www.brasal.com.br\/veiculos\/blog\/wp-content\/uploads\/2017\/03\/64-anos-1.png\" alt=\"64 anos (1)\" width=\"1024\" height=\"665\" srcset=\"https:\/\/www.brasal.com.br\/veiculos\/blog\/wp-content\/uploads\/2017\/03\/64-anos-1.png 1024w, https:\/\/www.brasal.com.br\/veiculos\/blog\/wp-content\/uploads\/2017\/03\/64-anos-1-300x195.png 300w, https:\/\/www.brasal.com.br\/veiculos\/blog\/wp-content\/uploads\/2017\/03\/64-anos-1-768x499.png 768w\" sizes=\"(max-width: 1024px) 100vw, 1024px\" \/><\/p>\n<p>A Volkswagen est\u00e1 completando 64 anos no Brasil, e para comemorar essa data separamos 25 curiosidades sobre a VW para voc\u00ea conhecer um pouco mais sobre essa marca que \u00e9 a paix\u00e3o dos brasileiros.<\/p>\n<p>Curiosidades sobre a Volkswagen do Brasil:<\/p>\n<p>1. Maior fabricante de ve\u00edculos da hist\u00f3ria da ind\u00fastria automobil\u00edstica do Pa\u00eds.<img decoding=\"async\" loading=\"lazy\" class=\"wp-image-1066 aligncenter\" src=\"http:\/\/www.brasal.com.br\/veiculos\/blog\/wp-content\/uploads\/2017\/03\/Fusca_-_Linha_produ\u00e7\u00e3o_anos_70-1024x769.jpg\" alt=\"Fusca_-_Linha_produ\u00e7\u00e3o_anos_70\" width=\"604\" height=\"454\" srcset=\"https:\/\/www.brasal.com.br\/veiculos\/blog\/wp-content\/uploads\/2017\/03\/Fusca_-_Linha_produ\u00e7\u00e3o_anos_70.jpg 1024w, https:\/\/www.brasal.com.br\/veiculos\/blog\/wp-content\/uploads\/2017\/03\/Fusca_-_Linha_produ\u00e7\u00e3o_anos_70-300x225.jpg 300w, https:\/\/www.brasal.com.br\/veiculos\/blog\/wp-content\/uploads\/2017\/03\/Fusca_-_Linha_produ\u00e7\u00e3o_anos_70-768x577.jpg 768w\" sizes=\"(max-width: 604px) 100vw, 604px\" \/><br \/>\n2. Maior linha de produtos do mercado nacional. <img decoding=\"async\" loading=\"lazy\" class=\"aligncenter size-full wp-image-1077\" src=\"http:\/\/www.brasal.com.br\/veiculos\/blog\/wp-content\/uploads\/2017\/03\/Maior_linha_de_produtos_do_mercado_nacional..jpg\" alt=\"Maior_linha_de_produtos_do_mercado_nacional.\" width=\"600\" height=\"400\" srcset=\"https:\/\/www.brasal.com.br\/veiculos\/blog\/wp-content\/uploads\/2017\/03\/Maior_linha_de_produtos_do_mercado_nacional..jpg 600w, https:\/\/www.brasal.com.br\/veiculos\/blog\/wp-content\/uploads\/2017\/03\/Maior_linha_de_produtos_do_mercado_nacional.-300x200.jpg 300w\" sizes=\"(max-width: 600px) 100vw, 600px\" \/><br \/>\n3. Maior exportadora do setor automotivo do Pa\u00eds.<br \/>\n<img decoding=\"async\" loading=\"lazy\" class=\"aligncenter wp-image-1068 size-large\" src=\"http:\/\/www.brasal.com.br\/veiculos\/blog\/wp-content\/uploads\/2017\/03\/A_Volkswagen_do_Brasil_acaba_de_conquistar_a_marca_de_35_milh\u00f5es_de_ve\u00edculos_exportados_desde_que_iniciaram_os_seus_embarques_em_1970.-1024x682.jpg\" alt=\"A_Volkswagen_do_Brasil_acaba_de_conquistar_a_marca_de_3,5_milh\u00f5es_de_ve\u00edculos_exportados_desde_que_iniciaram_os_seus_embarques,_em_1970.\" width=\"618\" height=\"412\" srcset=\"https:\/\/www.brasal.com.br\/veiculos\/blog\/wp-content\/uploads\/2017\/03\/A_Volkswagen_do_Brasil_acaba_de_conquistar_a_marca_de_35_milh\u00f5es_de_ve\u00edculos_exportados_desde_que_iniciaram_os_seus_embarques_em_1970.-1024x682.jpg 1024w, https:\/\/www.brasal.com.br\/veiculos\/blog\/wp-content\/uploads\/2017\/03\/A_Volkswagen_do_Brasil_acaba_de_conquistar_a_marca_de_35_milh\u00f5es_de_ve\u00edculos_exportados_desde_que_iniciaram_os_seus_embarques_em_1970.-300x200.jpg 300w, https:\/\/www.brasal.com.br\/veiculos\/blog\/wp-content\/uploads\/2017\/03\/A_Volkswagen_do_Brasil_acaba_de_conquistar_a_marca_de_35_milh\u00f5es_de_ve\u00edculos_exportados_desde_que_iniciaram_os_seus_embarques_em_1970.-768x512.jpg 768w, https:\/\/www.brasal.com.br\/veiculos\/blog\/wp-content\/uploads\/2017\/03\/A_Volkswagen_do_Brasil_acaba_de_conquistar_a_marca_de_35_milh\u00f5es_de_ve\u00edculos_exportados_desde_que_iniciaram_os_seus_embarques_em_1970..jpg 1600w\" sizes=\"(max-width: 618px) 100vw, 618px\" \/><br \/>\n4. Primeira montadora do pa\u00eds a utilizar freios ABS (1992).<br \/>\n<img decoding=\"async\" loading=\"lazy\" class=\"aligncenter wp-image-1069 size-full\" src=\"http:\/\/www.brasal.com.br\/veiculos\/blog\/wp-content\/uploads\/2017\/03\/Primeiro_carro_com_freio_ABS_do_Brasil..jpg\" alt=\"Primeiro_carro_com_freio_ABS_do_Brasil.\" width=\"655\" height=\"300\" srcset=\"https:\/\/www.brasal.com.br\/veiculos\/blog\/wp-content\/uploads\/2017\/03\/Primeiro_carro_com_freio_ABS_do_Brasil..jpg 655w, https:\/\/www.brasal.com.br\/veiculos\/blog\/wp-content\/uploads\/2017\/03\/Primeiro_carro_com_freio_ABS_do_Brasil.-300x137.jpg 300w\" sizes=\"(max-width: 655px) 100vw, 655px\" \/><br \/>\n5. Pioneira na utiliza\u00e7\u00e3o de inje\u00e7\u00e3o eletr\u00f4nica de combust\u00edvel (1988).<br \/>\n<img decoding=\"async\" loading=\"lazy\" class=\"aligncenter wp-image-1070 size-full\" src=\"http:\/\/www.brasal.com.br\/veiculos\/blog\/wp-content\/uploads\/2017\/03\/Pioneira_na_utiliza\u00e7\u00e3o_de_inje\u00e7\u00e3o_eletr\u00f4nica_de_combust\u00edvel__1.jpg\" alt=\"Pioneira_na_utiliza\u00e7\u00e3o_de_inje\u00e7\u00e3o_eletr\u00f4nica_de_combust\u00edvel__1\" width=\"620\" height=\"413\" srcset=\"https:\/\/www.brasal.com.br\/veiculos\/blog\/wp-content\/uploads\/2017\/03\/Pioneira_na_utiliza\u00e7\u00e3o_de_inje\u00e7\u00e3o_eletr\u00f4nica_de_combust\u00edvel__1.jpg 620w, https:\/\/www.brasal.com.br\/veiculos\/blog\/wp-content\/uploads\/2017\/03\/Pioneira_na_utiliza\u00e7\u00e3o_de_inje\u00e7\u00e3o_eletr\u00f4nica_de_combust\u00edvel__1-300x200.jpg 300w\" sizes=\"(max-width: 620px) 100vw, 620px\" \/><br \/>\n6. Pioneira no lan\u00e7amento de motor 1.0 16 v\u00e1lvulas (1997).<br \/>\n<img decoding=\"async\" loading=\"lazy\" class=\"aligncenter size-full wp-image-1071\" src=\"http:\/\/www.brasal.com.br\/veiculos\/blog\/wp-content\/uploads\/2017\/03\/motor_1.0_16_v\u00e1lvulas.jpg\" alt=\"motor_1.0_16_v\u00e1lvulas\" width=\"1600\" height=\"1008\" srcset=\"https:\/\/www.brasal.com.br\/veiculos\/blog\/wp-content\/uploads\/2017\/03\/motor_1.0_16_v\u00e1lvulas.jpg 1600w, https:\/\/www.brasal.com.br\/veiculos\/blog\/wp-content\/uploads\/2017\/03\/motor_1.0_16_v\u00e1lvulas-300x189.jpg 300w, https:\/\/www.brasal.com.br\/veiculos\/blog\/wp-content\/uploads\/2017\/03\/motor_1.0_16_v\u00e1lvulas-768x484.jpg 768w, https:\/\/www.brasal.com.br\/veiculos\/blog\/wp-content\/uploads\/2017\/03\/motor_1.0_16_v\u00e1lvulas-1024x645.jpg 1024w\" sizes=\"(max-width: 1600px) 100vw, 1600px\" \/><br \/>\n7. Primeira montadora brasileira a ter um centro de desenvolvimento, pesquisa e design.<br \/>\n<img decoding=\"async\" loading=\"lazy\" class=\"aligncenter size-full wp-image-1072\" src=\"http:\/\/www.brasal.com.br\/veiculos\/blog\/wp-content\/uploads\/2017\/03\/montadora_brasileira_a_ter_um_centro_de_desenvolvimento_pesquisa_e_design.png\" alt=\"montadora_brasileira_a_ter_um_centro_de_desenvolvimento,_pesquisa_e_design\" width=\"610\" height=\"405\" srcset=\"https:\/\/www.brasal.com.br\/veiculos\/blog\/wp-content\/uploads\/2017\/03\/montadora_brasileira_a_ter_um_centro_de_desenvolvimento_pesquisa_e_design.png 610w, https:\/\/www.brasal.com.br\/veiculos\/blog\/wp-content\/uploads\/2017\/03\/montadora_brasileira_a_ter_um_centro_de_desenvolvimento_pesquisa_e_design-300x199.png 300w, https:\/\/www.brasal.com.br\/veiculos\/blog\/wp-content\/uploads\/2017\/03\/montadora_brasileira_a_ter_um_centro_de_desenvolvimento_pesquisa_e_design-310x205.png 310w\" sizes=\"(max-width: 610px) 100vw, 610px\" \/><br \/>\n8. Primeira montadora a ter um centro t\u00e9cnico de crash-tests no Pa\u00eds.<br \/>\n<img decoding=\"async\" loading=\"lazy\" class=\"aligncenter size-full wp-image-1073\" src=\"http:\/\/www.brasal.com.br\/veiculos\/blog\/wp-content\/uploads\/2017\/03\/centro_t\u00e9cnico_de_crash-tests_VW.jpg\" alt=\"centro_t\u00e9cnico_de_crash-tests_VW\" width=\"920\" height=\"613\" srcset=\"https:\/\/www.brasal.com.br\/veiculos\/blog\/wp-content\/uploads\/2017\/03\/centro_t\u00e9cnico_de_crash-tests_VW.jpg 920w, https:\/\/www.brasal.com.br\/veiculos\/blog\/wp-content\/uploads\/2017\/03\/centro_t\u00e9cnico_de_crash-tests_VW-300x200.jpg 300w, https:\/\/www.brasal.com.br\/veiculos\/blog\/wp-content\/uploads\/2017\/03\/centro_t\u00e9cnico_de_crash-tests_VW-768x512.jpg 768w\" sizes=\"(max-width: 920px) 100vw, 920px\" \/><br \/>\n9. Primeira a lan\u00e7ar uma station wagon 4 portas (Quantum, em 1985).<br \/>\n<img decoding=\"async\" loading=\"lazy\" class=\"aligncenter size-full wp-image-1074\" src=\"http:\/\/www.brasal.com.br\/veiculos\/blog\/wp-content\/uploads\/2017\/03\/station_wagon_4_portas_-_VW_Quantum.jpg\" alt=\"station_wagon_4_portas_-_VW_Quantum\" width=\"1600\" height=\"1014\" srcset=\"https:\/\/www.brasal.com.br\/veiculos\/blog\/wp-content\/uploads\/2017\/03\/station_wagon_4_portas_-_VW_Quantum.jpg 1600w, https:\/\/www.brasal.com.br\/veiculos\/blog\/wp-content\/uploads\/2017\/03\/station_wagon_4_portas_-_VW_Quantum-300x190.jpg 300w, https:\/\/www.brasal.com.br\/veiculos\/blog\/wp-content\/uploads\/2017\/03\/station_wagon_4_portas_-_VW_Quantum-768x487.jpg 768w, https:\/\/www.brasal.com.br\/veiculos\/blog\/wp-content\/uploads\/2017\/03\/station_wagon_4_portas_-_VW_Quantum-1024x649.jpg 1024w\" sizes=\"(max-width: 1600px) 100vw, 1600px\" \/><br \/>\n10. Primeira montadora a realizar o teste de odores para pe\u00e7as de acabamento interno do ve\u00edculo, com padr\u00e3o mundial (1998).<br \/>\n<img decoding=\"async\" loading=\"lazy\" class=\"aligncenter size-full wp-image-1075\" src=\"http:\/\/www.brasal.com.br\/veiculos\/blog\/wp-content\/uploads\/2017\/03\/teste_de_odores_para_pe\u00e7as_de_acabamento_interno_do_ve\u00edculo.jpg\" alt=\"teste_de_odores_para_pe\u00e7as_de_acabamento_interno_do_ve\u00edculo\" width=\"600\" height=\"350\" srcset=\"https:\/\/www.brasal.com.br\/veiculos\/blog\/wp-content\/uploads\/2017\/03\/teste_de_odores_para_pe\u00e7as_de_acabamento_interno_do_ve\u00edculo.jpg 600w, https:\/\/www.brasal.com.br\/veiculos\/blog\/wp-content\/uploads\/2017\/03\/teste_de_odores_para_pe\u00e7as_de_acabamento_interno_do_ve\u00edculo-300x175.jpg 300w\" sizes=\"(max-width: 600px) 100vw, 600px\" \/><br \/>\n11. Primeira no Brasil a utilizar prensas robotizadas para pe\u00e7as de estamparia.<br \/>\n<img decoding=\"async\" loading=\"lazy\" class=\"aligncenter size-full wp-image-1078\" src=\"http:\/\/www.brasal.com.br\/veiculos\/blog\/wp-content\/uploads\/2017\/03\/O_novo_pr\u00e9dio_da_Estamparia_tem_uma_\u00e1rea_de_6.160_m2_e_abriga_a_linha_de_prensas_pesadas_PXL_com_capacidade_de_produzir_2.875.000_pe\u00e7as_por_ano.jpeg\" alt=\"O_novo_pr\u00e9dio_da_Estamparia_tem_uma_\u00e1rea_de_6.160_m2_e_abriga_a_linha_de_prensas_pesadas_(PXL),_com_capacidade_de_produzir_2.875.000_pe\u00e7as_por_ano\" width=\"1600\" height=\"1065\" srcset=\"https:\/\/www.brasal.com.br\/veiculos\/blog\/wp-content\/uploads\/2017\/03\/O_novo_pr\u00e9dio_da_Estamparia_tem_uma_\u00e1rea_de_6.160_m2_e_abriga_a_linha_de_prensas_pesadas_PXL_com_capacidade_de_produzir_2.875.000_pe\u00e7as_por_ano.jpeg 1600w, https:\/\/www.brasal.com.br\/veiculos\/blog\/wp-content\/uploads\/2017\/03\/O_novo_pr\u00e9dio_da_Estamparia_tem_uma_\u00e1rea_de_6.160_m2_e_abriga_a_linha_de_prensas_pesadas_PXL_com_capacidade_de_produzir_2.875.000_pe\u00e7as_por_ano-300x200.jpeg 300w, https:\/\/www.brasal.com.br\/veiculos\/blog\/wp-content\/uploads\/2017\/03\/O_novo_pr\u00e9dio_da_Estamparia_tem_uma_\u00e1rea_de_6.160_m2_e_abriga_a_linha_de_prensas_pesadas_PXL_com_capacidade_de_produzir_2.875.000_pe\u00e7as_por_ano-768x511.jpeg 768w, https:\/\/www.brasal.com.br\/veiculos\/blog\/wp-content\/uploads\/2017\/03\/O_novo_pr\u00e9dio_da_Estamparia_tem_uma_\u00e1rea_de_6.160_m2_e_abriga_a_linha_de_prensas_pesadas_PXL_com_capacidade_de_produzir_2.875.000_pe\u00e7as_por_ano-1024x682.jpeg 1024w, https:\/\/www.brasal.com.br\/veiculos\/blog\/wp-content\/uploads\/2017\/03\/O_novo_pr\u00e9dio_da_Estamparia_tem_uma_\u00e1rea_de_6.160_m2_e_abriga_a_linha_de_prensas_pesadas_PXL_com_capacidade_de_produzir_2.875.000_pe\u00e7as_por_ano-310x205.jpeg 310w\" sizes=\"(max-width: 1600px) 100vw, 1600px\" \/><br \/>\n12. \u00danica montadora a ter uma ferramentaria pr\u00f3pria com mais de 50 anos de atividades.<br \/>\n<img decoding=\"async\" loading=\"lazy\" class=\"aligncenter size-full wp-image-1079\" src=\"http:\/\/www.brasal.com.br\/veiculos\/blog\/wp-content\/uploads\/2017\/03\/\u00danica_montadora_a_ter_uma_ferramentaria_pr\u00f3pria_com_mais_de_50_anos_de_atividades.jpg\" alt=\"\u00danica_montadora_a_ter_uma_ferramentaria_pr\u00f3pria_com_mais_de_50_anos_de_atividades\" width=\"640\" height=\"300\" srcset=\"https:\/\/www.brasal.com.br\/veiculos\/blog\/wp-content\/uploads\/2017\/03\/\u00danica_montadora_a_ter_uma_ferramentaria_pr\u00f3pria_com_mais_de_50_anos_de_atividades.jpg 640w, https:\/\/www.brasal.com.br\/veiculos\/blog\/wp-content\/uploads\/2017\/03\/\u00danica_montadora_a_ter_uma_ferramentaria_pr\u00f3pria_com_mais_de_50_anos_de_atividades-300x141.jpg 300w\" sizes=\"(max-width: 640px) 100vw, 640px\" \/><br \/>\n13. Pioneira na utiliza\u00e7\u00e3o de solda a laser na produ\u00e7\u00e3o de ve\u00edculos no Brasil.<br \/>\n<img decoding=\"async\" loading=\"lazy\" class=\"aligncenter size-full wp-image-1092\" src=\"http:\/\/www.brasal.com.br\/veiculos\/blog\/wp-content\/uploads\/2017\/03\/image-3.png\" alt=\"image (3)\" width=\"610\" height=\"406\" srcset=\"https:\/\/www.brasal.com.br\/veiculos\/blog\/wp-content\/uploads\/2017\/03\/image-3.png 610w, https:\/\/www.brasal.com.br\/veiculos\/blog\/wp-content\/uploads\/2017\/03\/image-3-300x200.png 300w, https:\/\/www.brasal.com.br\/veiculos\/blog\/wp-content\/uploads\/2017\/03\/image-3-310x205.png 310w\" sizes=\"(max-width: 610px) 100vw, 610px\" \/><br \/>\n14. Primeira f\u00e1brica da Am\u00e9rica Latina a obter a certifica\u00e7\u00e3o ISO 9002 (Taubat\u00e9, em 1993).<br \/>\n<img decoding=\"async\" loading=\"lazy\" class=\"aligncenter size-full wp-image-1091\" src=\"http:\/\/www.brasal.com.br\/veiculos\/blog\/wp-content\/uploads\/2017\/03\/A_Certifica\u00e7ao_Unica_ISO_9001_atesta_a_qualidade_do_processo_produtivo.__A_montadora_passou_a_ser_a_primeira_ind\u00fastria_automobil\u00edstica_no_mundo_a_obter_esse_tipo_de_diploma.-2.png\" alt=\"A_Certifica\u00e7ao_Unica_ISO_9001,_atesta_a_qualidade_do_processo_produtivo.__A_montadora_passou_a_ser_a_primeira_ind\u00fastria_automobil\u00edstica_no_mundo_a_obter_esse_tipo_de_diploma. (2)\" width=\"610\" height=\"405\" srcset=\"https:\/\/www.brasal.com.br\/veiculos\/blog\/wp-content\/uploads\/2017\/03\/A_Certifica\u00e7ao_Unica_ISO_9001_atesta_a_qualidade_do_processo_produtivo.__A_montadora_passou_a_ser_a_primeira_ind\u00fastria_automobil\u00edstica_no_mundo_a_obter_esse_tipo_de_diploma.-2.png 610w, https:\/\/www.brasal.com.br\/veiculos\/blog\/wp-content\/uploads\/2017\/03\/A_Certifica\u00e7ao_Unica_ISO_9001_atesta_a_qualidade_do_processo_produtivo.__A_montadora_passou_a_ser_a_primeira_ind\u00fastria_automobil\u00edstica_no_mundo_a_obter_esse_tipo_de_diploma.-2-300x199.png 300w, https:\/\/www.brasal.com.br\/veiculos\/blog\/wp-content\/uploads\/2017\/03\/A_Certifica\u00e7ao_Unica_ISO_9001_atesta_a_qualidade_do_processo_produtivo.__A_montadora_passou_a_ser_a_primeira_ind\u00fastria_automobil\u00edstica_no_mundo_a_obter_esse_tipo_de_diploma.-2-310x205.png 310w\" sizes=\"(max-width: 610px) 100vw, 610px\" \/><br \/>\n15. Primeira unidade do Grupo Volkswagen fora da Europa a conseguir a ISO 14001 (f\u00e1brica de motores em S\u00e3o Carlos ).<br \/>\n<img decoding=\"async\" loading=\"lazy\" class=\"aligncenter size-full wp-image-1090\" src=\"http:\/\/www.brasal.com.br\/veiculos\/blog\/wp-content\/uploads\/2017\/03\/image-2.png\" alt=\"image (2)\" width=\"610\" height=\"406\" srcset=\"https:\/\/www.brasal.com.br\/veiculos\/blog\/wp-content\/uploads\/2017\/03\/image-2.png 610w, https:\/\/www.brasal.com.br\/veiculos\/blog\/wp-content\/uploads\/2017\/03\/image-2-300x200.png 300w, https:\/\/www.brasal.com.br\/veiculos\/blog\/wp-content\/uploads\/2017\/03\/image-2-310x205.png 310w\" sizes=\"(max-width: 610px) 100vw, 610px\" \/><\/p>\n<p>16. Primeira montadora a aderir \u00e0s iniciativas para eliminar o trabalho infantil na cadeia produtiva do setor automobil\u00edstico, em 1996.<br \/>\n<img decoding=\"async\" loading=\"lazy\" class=\"aligncenter size-full wp-image-1083\" src=\"http:\/\/www.brasal.com.br\/veiculos\/blog\/wp-content\/uploads\/2017\/03\/O_selo_reconhece_as_empresas_que_cumprem_os_compromissos_de_n\u00e3o_explorar_o_trabalho_infantil_e_n\u00e3o_o_permitir_em_sua_cadeia_produtiva..png\" alt=\"O_selo_reconhece_as_empresas_que_cumprem_os_compromissos_de_n\u00e3o_explorar_o_trabalho_infantil_e_n\u00e3o_o_permitir_em_sua_cadeia_produtiva.\" width=\"610\" height=\"454\" srcset=\"https:\/\/www.brasal.com.br\/veiculos\/blog\/wp-content\/uploads\/2017\/03\/O_selo_reconhece_as_empresas_que_cumprem_os_compromissos_de_n\u00e3o_explorar_o_trabalho_infantil_e_n\u00e3o_o_permitir_em_sua_cadeia_produtiva..png 610w, https:\/\/www.brasal.com.br\/veiculos\/blog\/wp-content\/uploads\/2017\/03\/O_selo_reconhece_as_empresas_que_cumprem_os_compromissos_de_n\u00e3o_explorar_o_trabalho_infantil_e_n\u00e3o_o_permitir_em_sua_cadeia_produtiva.-300x223.png 300w\" sizes=\"(max-width: 610px) 100vw, 610px\" \/><br \/>\n17. Primeira a estabelecer um acordo hist\u00f3rico de flexibiliza\u00e7\u00e3o da jornada de trabalho, visando a preserva\u00e7\u00e3o de empregos (1998).<br \/>\n<img decoding=\"async\" loading=\"lazy\" class=\"aligncenter size-full wp-image-1089\" src=\"http:\/\/www.brasal.com.br\/veiculos\/blog\/wp-content\/uploads\/2017\/03\/ererhyer.jpg\" alt=\"ererhyer\" width=\"810\" height=\"455\" srcset=\"https:\/\/www.brasal.com.br\/veiculos\/blog\/wp-content\/uploads\/2017\/03\/ererhyer.jpg 810w, https:\/\/www.brasal.com.br\/veiculos\/blog\/wp-content\/uploads\/2017\/03\/ererhyer-300x169.jpg 300w, https:\/\/www.brasal.com.br\/veiculos\/blog\/wp-content\/uploads\/2017\/03\/ererhyer-768x431.jpg 768w\" sizes=\"(max-width: 810px) 100vw, 810px\" \/><br \/>\n18. Mant\u00e9m um programa de incentivo \u00e0s ideias de empregados, o Gera\u00e7\u00e3o de Ideias.<br \/>\n<img decoding=\"async\" loading=\"lazy\" class=\"aligncenter size-full wp-image-1085\" src=\"http:\/\/www.brasal.com.br\/veiculos\/blog\/wp-content\/uploads\/2017\/03\/Gera\u00e7ao_de_ideias_-_Equipe_da_\u00e1rea_de_Log\u00edstica_da_Volkswagen_que_sugeriu_ideia_para_otimiza\u00e7\u00e3o_do_processo_de_importa\u00e7\u00e3o_de_pe\u00e7as.-1.png\" alt=\"Gera\u00e7ao_de_ideias_-_Equipe_da_\u00e1rea_de_Log\u00edstica_da_Volkswagen,_que_sugeriu_ideia_para_otimiza\u00e7\u00e3o_do_processo_de_importa\u00e7\u00e3o_de_pe\u00e7as. (1)\" width=\"610\" height=\"364\" srcset=\"https:\/\/www.brasal.com.br\/veiculos\/blog\/wp-content\/uploads\/2017\/03\/Gera\u00e7ao_de_ideias_-_Equipe_da_\u00e1rea_de_Log\u00edstica_da_Volkswagen_que_sugeriu_ideia_para_otimiza\u00e7\u00e3o_do_processo_de_importa\u00e7\u00e3o_de_pe\u00e7as.-1.png 610w, https:\/\/www.brasal.com.br\/veiculos\/blog\/wp-content\/uploads\/2017\/03\/Gera\u00e7ao_de_ideias_-_Equipe_da_\u00e1rea_de_Log\u00edstica_da_Volkswagen_que_sugeriu_ideia_para_otimiza\u00e7\u00e3o_do_processo_de_importa\u00e7\u00e3o_de_pe\u00e7as.-1-300x179.png 300w\" sizes=\"(max-width: 610px) 100vw, 610px\" \/><br \/>\n19. Pioneira no lan\u00e7amento de um programa de atendimento aos portadores HIV positivo &#8211; o Aids Care, premiado pela ONU.<br \/>\n<img decoding=\"async\" loading=\"lazy\" class=\"aligncenter size-full wp-image-1087\" src=\"http:\/\/www.brasal.com.br\/veiculos\/blog\/wp-content\/uploads\/2017\/03\/aids04.jpg\" alt=\"aids04\" width=\"690\" height=\"350\" srcset=\"https:\/\/www.brasal.com.br\/veiculos\/blog\/wp-content\/uploads\/2017\/03\/aids04.jpg 690w, https:\/\/www.brasal.com.br\/veiculos\/blog\/wp-content\/uploads\/2017\/03\/aids04-300x152.jpg 300w\" sizes=\"(max-width: 690px) 100vw, 690px\" \/><br \/>\n20. Primeiro Fusca nacional foi produzido em 1959.<br \/>\n<img decoding=\"async\" loading=\"lazy\" class=\"aligncenter size-full wp-image-1081\" src=\"http:\/\/www.brasal.com.br\/veiculos\/blog\/wp-content\/uploads\/2017\/03\/foto-4.jpg\" alt=\"foto-4\" width=\"600\" height=\"459\" srcset=\"https:\/\/www.brasal.com.br\/veiculos\/blog\/wp-content\/uploads\/2017\/03\/foto-4.jpg 600w, https:\/\/www.brasal.com.br\/veiculos\/blog\/wp-content\/uploads\/2017\/03\/foto-4-300x230.jpg 300w\" sizes=\"(max-width: 600px) 100vw, 600px\" \/><br \/>\n21. Iniciou em 1973 a produ\u00e7\u00e3o da Bras\u00edlia, que vendeu 930.160 unidades nos nove anos em que esteve no mercado.<br \/>\n<img decoding=\"async\" loading=\"lazy\" class=\"aligncenter size-full wp-image-1088\" src=\"http:\/\/www.brasal.com.br\/veiculos\/blog\/wp-content\/uploads\/2017\/03\/930.160_unidades_nos_nove_anos_em_que_esteve_no_mercado..jpg\" alt=\"930.160_unidades_nos_nove_anos_em_que_esteve_no_mercado.\" width=\"1200\" height=\"793\" srcset=\"https:\/\/www.brasal.com.br\/veiculos\/blog\/wp-content\/uploads\/2017\/03\/930.160_unidades_nos_nove_anos_em_que_esteve_no_mercado..jpg 1200w, https:\/\/www.brasal.com.br\/veiculos\/blog\/wp-content\/uploads\/2017\/03\/930.160_unidades_nos_nove_anos_em_que_esteve_no_mercado.-300x198.jpg 300w, https:\/\/www.brasal.com.br\/veiculos\/blog\/wp-content\/uploads\/2017\/03\/930.160_unidades_nos_nove_anos_em_que_esteve_no_mercado.-768x508.jpg 768w, https:\/\/www.brasal.com.br\/veiculos\/blog\/wp-content\/uploads\/2017\/03\/930.160_unidades_nos_nove_anos_em_que_esteve_no_mercado.-1024x677.jpg 1024w, https:\/\/www.brasal.com.br\/veiculos\/blog\/wp-content\/uploads\/2017\/03\/930.160_unidades_nos_nove_anos_em_que_esteve_no_mercado.-310x205.jpg 310w\" sizes=\"(max-width: 1200px) 100vw, 1200px\" \/><br \/>\n22. Primeira fabricante de ve\u00edculos a investir em uma Pequena Central Hidrel\u00e9trica, que tem capacidade para produzir cerca de 18% da energia utilizada em suas f\u00e1bricas no Pa\u00eds.<br \/>\n<img decoding=\"async\" loading=\"lazy\" class=\"aligncenter size-full wp-image-1080\" src=\"http:\/\/www.brasal.com.br\/veiculos\/blog\/wp-content\/uploads\/2017\/03\/image.png\" alt=\"image\" width=\"610\" height=\"406\" srcset=\"https:\/\/www.brasal.com.br\/veiculos\/blog\/wp-content\/uploads\/2017\/03\/image.png 610w, https:\/\/www.brasal.com.br\/veiculos\/blog\/wp-content\/uploads\/2017\/03\/image-300x200.png 300w, https:\/\/www.brasal.com.br\/veiculos\/blog\/wp-content\/uploads\/2017\/03\/image-310x205.png 310w\" sizes=\"(max-width: 610px) 100vw, 610px\" \/><br \/>\n23. Pioneira no investimento social privado da ind\u00fastria automobil\u00edstica brasileira, com a Funda\u00e7\u00e3o Volkswagen, desde 1979.<br \/>\n<img decoding=\"async\" loading=\"lazy\" class=\"aligncenter size-full wp-image-1082\" src=\"http:\/\/www.brasal.com.br\/veiculos\/blog\/wp-content\/uploads\/2017\/03\/image-1.png\" alt=\"image (1)\" width=\"610\" height=\"406\" srcset=\"https:\/\/www.brasal.com.br\/veiculos\/blog\/wp-content\/uploads\/2017\/03\/image-1.png 610w, https:\/\/www.brasal.com.br\/veiculos\/blog\/wp-content\/uploads\/2017\/03\/image-1-300x200.png 300w, https:\/\/www.brasal.com.br\/veiculos\/blog\/wp-content\/uploads\/2017\/03\/image-1-310x205.png 310w\" sizes=\"(max-width: 610px) 100vw, 610px\" \/><br \/>\n24. Pioneira ao lan\u00e7ar no Pa\u00eds um ve\u00edculo equipado com motor 1.0 de tr\u00eas cilindros flex\u00edvel (motor EA 211).<br \/>\n<img decoding=\"async\" loading=\"lazy\" class=\"aligncenter size-full wp-image-1084\" src=\"http:\/\/www.brasal.com.br\/veiculos\/blog\/wp-content\/uploads\/2017\/03\/570518790e21630a3e1a11d7_abc8096.jpeg\" alt=\"570518790e21630a3e1a11d7_abc8096\" width=\"1200\" height=\"799\" srcset=\"https:\/\/www.brasal.com.br\/veiculos\/blog\/wp-content\/uploads\/2017\/03\/570518790e21630a3e1a11d7_abc8096.jpeg 1200w, https:\/\/www.brasal.com.br\/veiculos\/blog\/wp-content\/uploads\/2017\/03\/570518790e21630a3e1a11d7_abc8096-300x200.jpeg 300w, https:\/\/www.brasal.com.br\/veiculos\/blog\/wp-content\/uploads\/2017\/03\/570518790e21630a3e1a11d7_abc8096-768x511.jpeg 768w, https:\/\/www.brasal.com.br\/veiculos\/blog\/wp-content\/uploads\/2017\/03\/570518790e21630a3e1a11d7_abc8096-1024x682.jpeg 1024w, https:\/\/www.brasal.com.br\/veiculos\/blog\/wp-content\/uploads\/2017\/03\/570518790e21630a3e1a11d7_abc8096-310x205.jpeg 310w\" sizes=\"(max-width: 1200px) 100vw, 1200px\" \/><br \/>\n25. Primeira no Brasil a oferecer um ve\u00edculo motor 1.0 com inje\u00e7\u00e3o direta, turbo e tecnologia flex\u00edvel, o 1.0 TSI.<br \/>\n<img decoding=\"async\" loading=\"lazy\" class=\"aligncenter size-full wp-image-1076\" src=\"http:\/\/www.brasal.com.br\/veiculos\/blog\/wp-content\/uploads\/2017\/03\/Tecnologia-do-motor-TSI.jpg\" alt=\"Tecnologia-do-motor-TSI\" width=\"620\" height=\"430\" srcset=\"https:\/\/www.brasal.com.br\/veiculos\/blog\/wp-content\/uploads\/2017\/03\/Tecnologia-do-motor-TSI.jpg 620w, https:\/\/www.brasal.com.br\/veiculos\/blog\/wp-content\/uploads\/2017\/03\/Tecnologia-do-motor-TSI-300x208.jpg 300w, https:\/\/www.brasal.com.br\/veiculos\/blog\/wp-content\/uploads\/2017\/03\/Tecnologia-do-motor-TSI-110x75.jpg 110w\" sizes=\"(max-width: 620px) 100vw, 620px\" \/><\/p>\n<p>Eai, curtiu as curiosidades da VW? Conta pra gente!<\/p>\n","protected":false},"excerpt":{"rendered":"<p>A Volkswagen est\u00e1 completando 64 anos no Brasil, e para comemorar essa data separamos 25 curiosidades sobre a VW para voc\u00ea conhecer um pouco mais sobre essa marca que \u00e9 a paix\u00e3o dos brasileiros. Curiosidades sobre a Volkswagen do Brasil: 1. Maior fabricante de ve\u00edculos da hist\u00f3ria da ind\u00fastria automobil\u00edstica do Pa\u00eds. 2. Maior linha &hellip;<\/p>\n","protected":false},"author":4,"featured_media":1063,"comment_status":"open","ping_status":"open","sticky":false,"template":"","format":"standard","meta":[],"categories":[170],"tags":[211,209,74,208,210,99],"_links":{"self":[{"href":"https:\/\/www.brasal.com.br\/veiculos\/blog\/wp-json\/wp\/v2\/posts\/1061"}],"collection":[{"href":"https:\/\/www.brasal.com.br\/veiculos\/blog\/wp-json\/wp\/v2\/posts"}],"about":[{"href":"https:\/\/www.brasal.com.br\/veiculos\/blog\/wp-json\/wp\/v2\/types\/post"}],"author":[{"embeddable":true,"href":"https:\/\/www.brasal.com.br\/veiculos\/blog\/wp-json\/wp\/v2\/users\/4"}],"replies":[{"embeddable":true,"href":"https:\/\/www.brasal.com.br\/veiculos\/blog\/wp-json\/wp\/v2\/comments?post=1061"}],"version-history":[{"count":6,"href":"https:\/\/www.brasal.com.br\/veiculos\/blog\/wp-json\/wp\/v2\/posts\/1061\/revisions"}],"predecessor-version":[{"id":1095,"href":"https:\/\/www.brasal.com.br\/veiculos\/blog\/wp-json\/wp\/v2\/posts\/1061\/revisions\/1095"}],"wp:featuredmedia":[{"embeddable":true,"href":"https:\/\/www.brasal.com.br\/veiculos\/blog\/wp-json\/wp\/v2\/media\/1063"}],"wp:attachment":[{"href":"https:\/\/www.brasal.com.br\/veiculos\/blog\/wp-json\/wp\/v2\/media?parent=1061"}],"wp:term":[{"taxonomy":"category","embeddable":true,"href":"https:\/\/www.brasal.com.br\/veiculos\/blog\/wp-json\/wp\/v2\/categories?post=1061"},{"taxonomy":"post_tag","embeddable":true,"href":"https:\/\/www.brasal.com.br\/veiculos\/blog\/wp-json\/wp\/v2\/tags?post=1061"}],"curies":[{"name":"wp","href":"https:\/\/api.w.org\/{rel}","templated":true}]}}