{"id":1003,"date":"2017-02-01T09:31:22","date_gmt":"2017-02-01T11:31:22","guid":{"rendered":"http:\/\/www.brasal.com.br\/veiculos\/blog\/?p=1003"},"modified":"2017-02-01T09:31:22","modified_gmt":"2017-02-01T11:31:22","slug":"tiguan","status":"publish","type":"post","link":"https:\/\/www.brasal.com.br\/veiculos\/blog\/2017\/02\/01\/tiguan\/","title":{"rendered":"Tiguan: \u00e9 outra categoria de off-road"},"content":{"rendered":"<div style=\"width: 618px;\" class=\"wp-video\"><!--[if lt IE 9]><script>document.createElement('video');<\/script><![endif]-->\n<video class=\"wp-video-shortcode\" id=\"video-1003-1\" width=\"618\" height=\"348\" preload=\"metadata\" controls=\"controls\"><source type=\"video\/mp4\" src=\"http:\/\/www.brasal.com.br\/veiculos\/blog\/wp-content\/uploads\/2017\/02\/Volkswagen_Magazine_Na_trilha_do_caf_2015_VWBrasil.mp4?_=1\" \/><a href=\"http:\/\/www.brasal.com.br\/veiculos\/blog\/wp-content\/uploads\/2017\/02\/Volkswagen_Magazine_Na_trilha_do_caf_2015_VWBrasil.mp4\">http:\/\/www.brasal.com.br\/veiculos\/blog\/wp-content\/uploads\/2017\/02\/Volkswagen_Magazine_Na_trilha_do_caf_2015_VWBrasil.mp4<\/a><\/video><\/div>\n<table class=\"vwd4_table3col\" border=\"0\" cellspacing=\"0\" cellpadding=\"0\">\n<tbody>\n<tr class=\"vwd4_first\">\n<td class=\"vwd4_key\">Destaques<\/td>\n<td class=\"vwd4_space\"><\/td>\n<td class=\"vwd4_value\">\n<ul>\n<li><a class=\"f9d649318153c3df10b506b2768403da vwd4_m1xx_feature_flyout_link\" rel=\"f9d649318153c3df10b506b2768403da\">Controle e estabilidade em qualquer terreno<\/a><\/li>\n<li><a class=\"f11024dc612b94875aa4ddb58d3c10d2 vwd4_m1xx_feature_flyout_link\" rel=\"f11024dc612b94875aa4ddb58d3c10d2\">6 airbags<\/a><\/li>\n<li>Controle eletr\u00f4nico de estabilidade (ESC)<\/li>\n<li>Sensores de chuva e crepuscular<\/li>\n<li>Freio de estacionamento eletr\u00f4nico com fun\u00e7\u00e3o &#8220;Auto-Hold&#8221;<\/li>\n<li>Ar-condicionado digital de duas zonas &#8220;Climatronic&#8221;<\/li>\n<li>Sistema infotainment &#8220;Discover Media&#8221; com navega\u00e7\u00e3o integrada (opc)<\/li>\n<li>&#8220;App-Connect&#8221; &#8211; Espelhamento do smartphone na tela do infotainment<\/li>\n<li>Motor 1.4 TSI<\/li>\n<\/ul>\n<\/td>\n<\/tr>\n<tr>\n<td class=\"vwd4_key\">Motores<\/td>\n<td class=\"vwd4_space\"><\/td>\n<td class=\"vwd4_value\">\n<div class=\"vwd4_m437_engines vwd4_first\"><strong>-:<\/strong><\/p>\n<ul class=\"vwd4_clear\">\n<li><a class=\"vwd4_m437_linkFlyout\" href=\"http:\/\/www.vw.com.br\/pt\/carros\/tiguan\/versoes_.s9_trimlevel_detail.suffix.html\/tiguan~2F1-4-tsi.html#flyout\">Motor 1.4 TSI<\/a><\/li>\n<\/ul>\n<\/div>\n<\/td>\n<\/tr>\n<tr>\n<td class=\"vwd4_key\">Transmiss\u00e3o<\/td>\n<td class=\"vwd4_space\"><\/td>\n<td class=\"vwd4_value\">Transmiss\u00e3o autom\u00e1tica DSG de 6 velocidades com fun\u00e7\u00e3o Tiptronic<\/td>\n<\/tr>\n<tr class=\"vwd4_last\">\n<td class=\"vwd4_key\">Portas<\/td>\n<td class=\"vwd4_space\"><\/td>\n<td class=\"vwd4_value\">4<\/td>\n<\/tr>\n<\/tbody>\n<\/table>\n<table class=\"vwd4_table3col\" border=\"0\" cellspacing=\"0\" cellpadding=\"0\">\n<tbody>\n<tr class=\"vwd4_first\">\n<td class=\"vwd4_key\">Itens de s\u00e9rie<\/td>\n<td class=\"vwd4_space\"><\/td>\n<td class=\"vwd4_value\">\n<ul>\n<li>&#8220;Keyless&#8221; &#8211; sistema de alarme com comando remoto<\/li>\n<li>Sensor de estacionamento traseiro<\/li>\n<li>3 Apoios de cabe\u00e7a ajust\u00e1veis no banco traseiro<\/li>\n<li>4 alto-falantes e 4 tweeters<\/li>\n<li>6 airbags (2 frontais com desativa\u00e7\u00e3o do lado do passageiro, 2 laterais nos bancos dianteiros e dois de cortina)<\/li>\n<li>Alerta de n\u00e3o utiliza\u00e7\u00e3o do cinto de seguran\u00e7a<\/li>\n<li>Bancos dianteiros com apoio lombar<\/li>\n<li>Bancos dianteiros esportivos com ajuste milim\u00e9trico de altura (motorista e passageiro)<\/li>\n<li>Cintos de seguran\u00e7a dianteiro com ajuste de altura e pr\u00e9-tensionador<\/li>\n<li>Controle eletr\u00f4nico de velocidade &#8211; &#8220;Piloto autom\u00e1tico&#8221;<\/li>\n<li>Descanso de bra\u00e7o dianteiro central com porta-objetos e regulagem longitudinal e de altura<\/li>\n<li>Dire\u00e7\u00e3o Servotronic<\/li>\n<li>Espelhos retrovisores externos com luzes indicadoras de dire\u00e7\u00e3o integradas<\/li>\n<li>Far\u00f3is de neblina<\/li>\n<li>Freio de estacionamento eletr\u00f4nico com fun\u00e7\u00e3o &#8220;Auto-Hold&#8221;<\/li>\n<li>Lanterna de neblina<\/li>\n<li>Luzes de leitura dianteiras<\/li>\n<li>Porta-objetos na regi\u00e3o central do revestimento do teto<\/li>\n<li>Tomada de 12V no console central e no porta-malas<\/li>\n<\/ul>\n<\/td>\n<\/tr>\n<tr>\n<td class=\"vwd4_key\">Rodas, pneus e calotas<\/td>\n<td class=\"vwd4_space\"><\/td>\n<td class=\"vwd4_value\">\n<ul>\n<li>Rodas de liga leve Aro 17&#8243; &#8211; &#8220;Philadelphia&#8221; com pneus 235\/55 R17<\/li>\n<\/ul>\n<\/td>\n<\/tr>\n<tr>\n<td class=\"vwd4_key\">Interior<\/td>\n<td class=\"vwd4_space\"><\/td>\n<td class=\"vwd4_value\">\n<ul>\n<li>Banco traseiro bipartido (1\/3 e 2\/3), corredi\u00e7o com ajuste longitudinal e encosto rebat\u00edvel<\/li>\n<li>Volante multifuncional em couro com comandos do r\u00e1dio, computador de bordo e cruise control<\/li>\n<\/ul>\n<\/td>\n<\/tr>\n<tr>\n<td class=\"vwd4_key\">Conforto<\/td>\n<td class=\"vwd4_space\"><\/td>\n<td class=\"vwd4_value\">\n<ul>\n<li>Ar-condicionado com regulagem manual &#8220;Climatic&#8221;<\/li>\n<li>Computador de bordo com display multifuncional<\/li>\n<li>Indicador de temperatura externa<\/li>\n<li>Para-s\u00f3is com espelho e ilumina\u00e7\u00e3o<\/li>\n<li>Travamento central das portas com controle remoto<\/li>\n<\/ul>\n<\/td>\n<\/tr>\n<tr>\n<td class=\"vwd4_key\">Seguran\u00e7a<\/td>\n<td class=\"vwd4_space\"><\/td>\n<td class=\"vwd4_value\">\n<ul>\n<li>&#8220;ABS&#8221; com &#8220;EBD&#8221;, Controle eletr\u00f4nico de Estabilidade &#8220;ESC&#8221; e Controle de tra\u00e7\u00e3o &#8220;ASR&#8221;<\/li>\n<li>Espelhos retrovisores el\u00e9tricos e aquec\u00edveis<\/li>\n<li>Fixa\u00e7\u00e3o da cadeirinha de crian\u00e7a com sistema ISOFIX\u00ae \/ Top tether<\/li>\n<\/ul>\n<\/td>\n<\/tr>\n<tr>\n<td class=\"vwd4_key\">Pacotes<\/td>\n<td class=\"vwd4_space\"><\/td>\n<td class=\"vwd4_value\">\n<ul>\n<li>Ilumina\u00e7\u00e3o ambiente<\/li>\n<li>Pacote Standard<\/li>\n<\/ul>\n<\/td>\n<\/tr>\n<tr class=\"vwd4_last\">\n<td class=\"vwd4_key\">Entretenimento<\/td>\n<td class=\"vwd4_space\"><\/td>\n<td class=\"vwd4_value\">\n<ul>\n<li>&#8220;App-Connect&#8221; &#8211; Espelhamento do smartphone na tela do infotainment<\/li>\n<\/ul>\n<\/td>\n<\/tr>\n<\/tbody>\n<\/table>\n<table class=\"vwd4_table3col\" border=\"0\" cellspacing=\"0\" cellpadding=\"0\">\n<tbody>\n<tr class=\"vwd4_first\">\n<td class=\"vwd4_key\">Cores<\/td>\n<td class=\"vwd4_space\"><\/td>\n<td class=\"vwd4_value\">\n<ul>\n<li>Azul Night<\/li>\n<li>Azul Pacific<\/li>\n<li>Prata Sargas<\/li>\n<li>Preto Mystic<\/li>\n<li>Branco Puro<\/li>\n<\/ul>\n<\/td>\n<\/tr>\n<tr>\n<td class=\"vwd4_key\">Acabamento interno<\/td>\n<td class=\"vwd4_space\"><\/td>\n<td class=\"vwd4_value\">\n<ul>\n<li>Revestimento interno preto<\/li>\n<\/ul>\n<\/td>\n<\/tr>\n<tr>\n<td class=\"vwd4_key\">Apar\u00eancia<\/td>\n<td class=\"vwd4_space\"><\/td>\n<td class=\"vwd4_value\">\n<ul>\n<li><a class=\"vwd4_ajaxLayer vwd4_ajaxLayer_feature {'ajaxurl':'http:\/\/www.vw.com.br\/pt\/carros\/tiguan\/versoes_.s7_layer.suffix.html\/features~2F5N~2Faparencia~2Fgps9ps9.html'} ffa402811fb3bfe381f90dcf144087e5\" href=\"http:\/\/www.vw.com.br\/pt\/carros\/tiguan\/versoes_.m437_tabcontent.fallback.s7_layer.suffix.html\/features~2F5N~2Faparencia~2Fgps9ps9\/tiguan~2F1-4-tsi\/tab=FEATURES_OPTIONAL.html\" rel=\"ffa402811fb3bfe381f90dcf144087e5\">Teto Solar El\u00e9trico &#8211; Panor\u00e2mico<\/a><\/li>\n<\/ul>\n<\/td>\n<\/tr>\n<tr>\n<td class=\"vwd4_key\">Pacotes<\/td>\n<td class=\"vwd4_space\"><\/td>\n<td class=\"vwd4_value\">\n<ul>\n<li>Pacote Elegance<\/li>\n<\/ul>\n<\/td>\n<\/tr>\n<tr class=\"vwd4_last\">\n<td class=\"vwd4_key\">Acabamento interno<\/td>\n<td class=\"vwd4_space\"><\/td>\n<td class=\"vwd4_value\">\n<ul>\n<li>Revestimento interno Marrom \/ Preto<\/li>\n<\/ul>\n<\/td>\n<\/tr>\n<\/tbody>\n<\/table>\n","protected":false},"excerpt":{"rendered":"<p>Destaques Controle e estabilidade em qualquer terreno 6 airbags Controle eletr\u00f4nico de estabilidade (ESC) Sensores de chuva e crepuscular Freio de estacionamento eletr\u00f4nico com fun\u00e7\u00e3o &#8220;Auto-Hold&#8221; Ar-condicionado digital de duas zonas &#8220;Climatronic&#8221; Sistema infotainment &#8220;Discover Media&#8221; com navega\u00e7\u00e3o integrada (opc) &#8220;App-Connect&#8221; &#8211; Espelhamento do smartphone na tela do infotainment Motor 1.4 TSI Motores -: Motor &hellip;<\/p>\n","protected":false},"author":4,"featured_media":1005,"comment_status":"open","ping_status":"open","sticky":false,"template":"","format":"standard","meta":[],"categories":[14],"tags":[74,168,171,193,99],"_links":{"self":[{"href":"https:\/\/www.brasal.com.br\/veiculos\/blog\/wp-json\/wp\/v2\/posts\/1003"}],"collection":[{"href":"https:\/\/www.brasal.com.br\/veiculos\/blog\/wp-json\/wp\/v2\/posts"}],"about":[{"href":"https:\/\/www.brasal.com.br\/veiculos\/blog\/wp-json\/wp\/v2\/types\/post"}],"author":[{"embeddable":true,"href":"https:\/\/www.brasal.com.br\/veiculos\/blog\/wp-json\/wp\/v2\/users\/4"}],"replies":[{"embeddable":true,"href":"https:\/\/www.brasal.com.br\/veiculos\/blog\/wp-json\/wp\/v2\/comments?post=1003"}],"version-history":[{"count":1,"href":"https:\/\/www.brasal.com.br\/veiculos\/blog\/wp-json\/wp\/v2\/posts\/1003\/revisions"}],"predecessor-version":[{"id":1006,"href":"https:\/\/www.brasal.com.br\/veiculos\/blog\/wp-json\/wp\/v2\/posts\/1003\/revisions\/1006"}],"wp:featuredmedia":[{"embeddable":true,"href":"https:\/\/www.brasal.com.br\/veiculos\/blog\/wp-json\/wp\/v2\/media\/1005"}],"wp:attachment":[{"href":"https:\/\/www.brasal.com.br\/veiculos\/blog\/wp-json\/wp\/v2\/media?parent=1003"}],"wp:term":[{"taxonomy":"category","embeddable":true,"href":"https:\/\/www.brasal.com.br\/veiculos\/blog\/wp-json\/wp\/v2\/categories?post=1003"},{"taxonomy":"post_tag","embeddable":true,"href":"https:\/\/www.brasal.com.br\/veiculos\/blog\/wp-json\/wp\/v2\/tags?post=1003"}],"curies":[{"name":"wp","href":"https:\/\/api.w.org\/{rel}","templated":true}]}}