{"id":20829,"date":"2026-04-27T09:23:33","date_gmt":"2026-04-27T12:23:33","guid":{"rendered":"https:\/\/www.brasal.com.br\/blogrefri\/?p=20829"},"modified":"2026-04-27T09:23:38","modified_gmt":"2026-04-27T12:23:38","slug":"aconteceu-aqui-nova-linha-de-producao","status":"publish","type":"post","link":"https:\/\/www.brasal.com.br\/blogrefri\/aconteceu-aqui-nova-linha-de-producao\/","title":{"rendered":"ACONTECEU AQUI | NOVA LINHA DE PRODU\u00c7\u00c3O"},"content":{"rendered":"\n<p>A Brasal Refrigerantes deu mais um passo importante para a moderniza\u00e7\u00e3o industrial com a implanta\u00e7\u00e3o de uma nova linha voltada, principalmente, para embalagens de menor volume. O investimento que soma aproximadamente R$45 milh\u00f5es em equipamentos e mais R$5 milh\u00f5es em infraestrutura foi realizado para atender a uma necessidade estrat\u00e9gica de mercado e ampliar a capacidade produtiva da unidade.<br><br>A linha, de tecnologia italiana, foi planejada para atender com mais efici\u00eancia os produtos PET 200 ml e 600 ml, formatos com forte presen\u00e7a no mercado e grande potencial de crescimento. Embora possa produzir embalagens de at\u00e9 2 litros, a linha foi concebida especialmente para garantir agilidade e performance nos volumes menores. Al\u00e9m disso, possui Intelig\u00eancia Artificial e predi\u00e7\u00e3o de falhas embarcadas, ou seja, um sistema integrado que analisa continuamente o funcionamento dos equipamentos e identifica poss\u00edveis problemas antes que eles ocorram. &nbsp;<\/p>\n\n\n\n<p>\u201cHoje estamos com uma estrutura mais adequada \u00e0 nossa demanda e com capacidade para crescer. A nova linha trouxe mais equil\u00edbrio para a produ\u00e7\u00e3o e nos d\u00e1 seguran\u00e7a para atender o mercado com mais efici\u00eancia\u201d, destacou o diretor Rafael Rosano.<\/p>\n\n\n\n<p>Entre a aquisi\u00e7\u00e3o e o in\u00edcio da opera\u00e7\u00e3o, foram cerca de um ano e oito meses de planejamento, instala\u00e7\u00e3o e testes, garantindo que a linha entrasse em funcionamento com seguran\u00e7a e alto padr\u00e3o de qualidade. A opera\u00e7\u00e3o teve in\u00edcio em agosto de 2025 e j\u00e1 apresenta resultados consistentes. Outro destaque \u00e9 que a linha conta com uma opera\u00e7\u00e3o majoritariamente feminina, valorizando a presen\u00e7a e o protagonismo das mulheres na \u00e1rea industrial.<\/p>\n\n\n\n<p>\u201cA expectativa para 2026 \u00e9 muito mais positiva. Depois de um per\u00edodo intenso de mudan\u00e7as e ajustes, agora teremos condi\u00e7\u00f5es de entender melhor o comportamento do mercado e atender \u00e0 demanda com mais previsibilidade\u201d, destacou o diretor gerente Paulo Praxedes.<\/p>\n\n\n\n<p>As mudan\u00e7as consolidam um ciclo de evolu\u00e7\u00e3o industrial voltado \u00e0 efici\u00eancia, inova\u00e7\u00e3o e prepara\u00e7\u00e3o para o futuro.\u00a0<br><\/p>\n\n\n<style>.uid-3921df573e88cce6  .gt3pg-isotope-item {\n\tpadding-right: 20px;\n\tpadding-bottom: 20px;\n}\n.uid-3921df573e88cce6  .gallery-isotope-wrapper {\n\tmargin-right: -20px;\n\tmargin-bottom: -20px;\n}\n<\/style><div id=\"uid-3921df573e88cce6\" data-gt3pg-block=\"grid\" data-index=\"1\" class=\"gt3-photo-gallery-pro--isotope_gallery uid-3921df573e88cce6 gt3pg-pro--wrapper gt3pg-pro--grid \">\t\t<div data-cols=\"3\" data-cols-tablet=\"3\" data-cols-mobile=\"2\" class=\"gt3pg-isotope-gallery columns-3 hover-default gallery-grid  corner-standard square\" data-settings=\"{&quot;id&quot;:1,&quot;uid&quot;:&quot;uid-3921df573e88cce6&quot;,&quot;grid_type&quot;:&quot;square&quot;,&quot;modules&quot;:[&quot;Lightbox&quot;],&quot;lightboxArray&quot;:[{&quot;href&quot;:&quot;https:\\\/\\\/www.brasal.com.br\\\/blogrefri\\\/wp-content\\\/uploads\\\/2026\\\/04\\\/DSC_0601-scaled.jpg&quot;,&quot;title&quot;:&quot;DSC_0601&quot;,&quot;thumbnail&quot;:&quot;https:\\\/\\\/www.brasal.com.br\\\/blogrefri\\\/wp-content\\\/uploads\\\/2026\\\/04\\\/DSC_0601-150x150.jpg&quot;,&quot;description&quot;:&quot;&quot;,&quot;is_video&quot;:0,&quot;image_id&quot;:20832,&quot;width&quot;:1280,&quot;height&quot;:1920},{&quot;href&quot;:&quot;https:\\\/\\\/www.brasal.com.br\\\/blogrefri\\\/wp-content\\\/uploads\\\/2026\\\/04\\\/DSC_0635-scaled.jpg&quot;,&quot;title&quot;:&quot;DSC_0635&quot;,&quot;thumbnail&quot;:&quot;https:\\\/\\\/www.brasal.com.br\\\/blogrefri\\\/wp-content\\\/uploads\\\/2026\\\/04\\\/DSC_0635-150x150.jpg&quot;,&quot;description&quot;:&quot;&quot;,&quot;is_video&quot;:0,&quot;image_id&quot;:20834,&quot;width&quot;:1280,&quot;height&quot;:1920},{&quot;href&quot;:&quot;https:\\\/\\\/www.brasal.com.br\\\/blogrefri\\\/wp-content\\\/uploads\\\/2026\\\/04\\\/DSC_056-2-scaled.jpg&quot;,&quot;title&quot;:&quot;DSC_056&quot;,&quot;thumbnail&quot;:&quot;https:\\\/\\\/www.brasal.com.br\\\/blogrefri\\\/wp-content\\\/uploads\\\/2026\\\/04\\\/DSC_056-2-150x150.jpg&quot;,&quot;description&quot;:&quot;&quot;,&quot;is_video&quot;:0,&quot;image_id&quot;:20837,&quot;width&quot;:720,&quot;height&quot;:1080}],&quot;lightbox&quot;:{&quot;enable&quot;:true,&quot;options&quot;:{&quot;instance&quot;:1}},&quot;items&quot;:[{&quot;href&quot;:&quot;https:\\\/\\\/www.brasal.com.br\\\/blogrefri\\\/wp-content\\\/uploads\\\/2026\\\/04\\\/DSC_0601-scaled.jpg&quot;,&quot;title&quot;:&quot;DSC_0601&quot;,&quot;thumbnail&quot;:&quot;https:\\\/\\\/www.brasal.com.br\\\/blogrefri\\\/wp-content\\\/uploads\\\/2026\\\/04\\\/DSC_0601-150x150.jpg&quot;,&quot;description&quot;:&quot;&quot;,&quot;is_video&quot;:0,&quot;image_id&quot;:20832,&quot;width&quot;:1280,&quot;height&quot;:1920},{&quot;href&quot;:&quot;https:\\\/\\\/www.brasal.com.br\\\/blogrefri\\\/wp-content\\\/uploads\\\/2026\\\/04\\\/DSC_0635-scaled.jpg&quot;,&quot;title&quot;:&quot;DSC_0635&quot;,&quot;thumbnail&quot;:&quot;https:\\\/\\\/www.brasal.com.br\\\/blogrefri\\\/wp-content\\\/uploads\\\/2026\\\/04\\\/DSC_0635-150x150.jpg&quot;,&quot;description&quot;:&quot;&quot;,&quot;is_video&quot;:0,&quot;image_id&quot;:20834,&quot;width&quot;:1280,&quot;height&quot;:1920},{&quot;href&quot;:&quot;https:\\\/\\\/www.brasal.com.br\\\/blogrefri\\\/wp-content\\\/uploads\\\/2026\\\/04\\\/DSC_056-2-scaled.jpg&quot;,&quot;title&quot;:&quot;DSC_056&quot;,&quot;thumbnail&quot;:&quot;https:\\\/\\\/www.brasal.com.br\\\/blogrefri\\\/wp-content\\\/uploads\\\/2026\\\/04\\\/DSC_056-2-150x150.jpg&quot;,&quot;description&quot;:&quot;&quot;,&quot;is_video&quot;:0,&quot;image_id&quot;:20837,&quot;width&quot;:720,&quot;height&quot;:1080}]}\">\r\n\t\t\t<div class=\"gallery-isotope-wrapper\">\r\n\t\t\t\t<div class=\"gt3pg-isotope-item loading \" ><div class=\"isotope_item-wrapper\"><a href=\"https:\/\/www.brasal.com.br\/blogrefri\/wp-content\/uploads\/2026\/04\/DSC_0601-768x1152.jpg\" class=\"gt3pg-lightbox\" data-elementor-open-lightbox=\"no\"><div class=\"img-wrapper \"><img width=\"768\" height=\"1152\" src=\"https:\/\/www.brasal.com.br\/blogrefri\/wp-content\/uploads\/2026\/04\/DSC_0601-768x1152.jpg\" class=\"skip-lazy gt3-lazy-image\" alt=\"\" decoding=\"async\" loading=\"lazy\" data-lazy-srcset=\"https:\/\/www.brasal.com.br\/blogrefri\/wp-content\/uploads\/2026\/04\/DSC_0601-768x1152.jpg 768w, https:\/\/www.brasal.com.br\/blogrefri\/wp-content\/uploads\/2026\/04\/DSC_0601-200x300.jpg 200w, https:\/\/www.brasal.com.br\/blogrefri\/wp-content\/uploads\/2026\/04\/DSC_0601-683x1024.jpg 683w, https:\/\/www.brasal.com.br\/blogrefri\/wp-content\/uploads\/2026\/04\/DSC_0601-125x187.jpg 125w\" data-lazy-sizes=\"(max-width: 768px) 100vw, 768px\" data-lazy-src=\"https:\/\/www.brasal.com.br\/blogrefri\/wp-content\/uploads\/2026\/04\/DSC_0601-768x1152.jpg?is-pending-load=1\" srcset=\"data:image\/png;base64,iVBORw0KGgoAAAANSUhEUgAAAE0AAAByCAYAAAAWJVzIAAAACXBIWXMAAA7EAAAOxAGVKw4bAAAAOUlEQVR42u3BMQEAAADCoPVPbQ0PoAAAAAAAAAAAAAAAAAAAAAAAAAAAAAAAAAAAAAAAAAAAAABeDImaAAFUjfGlAAAAAElFTkSuQmCC\" \/><\/div><\/a><\/div><\/div><div class=\"gt3pg-isotope-item loading \" ><div class=\"isotope_item-wrapper\"><a href=\"https:\/\/www.brasal.com.br\/blogrefri\/wp-content\/uploads\/2026\/04\/DSC_0635-768x1152.jpg\" class=\"gt3pg-lightbox\" data-elementor-open-lightbox=\"no\"><div class=\"img-wrapper \"><img width=\"768\" height=\"1152\" src=\"https:\/\/www.brasal.com.br\/blogrefri\/wp-content\/uploads\/2026\/04\/DSC_0635-768x1152.jpg\" class=\"skip-lazy gt3-lazy-image\" alt=\"\" decoding=\"async\" loading=\"lazy\" data-lazy-srcset=\"https:\/\/www.brasal.com.br\/blogrefri\/wp-content\/uploads\/2026\/04\/DSC_0635-768x1152.jpg 768w, https:\/\/www.brasal.com.br\/blogrefri\/wp-content\/uploads\/2026\/04\/DSC_0635-200x300.jpg 200w, https:\/\/www.brasal.com.br\/blogrefri\/wp-content\/uploads\/2026\/04\/DSC_0635-683x1024.jpg 683w, https:\/\/www.brasal.com.br\/blogrefri\/wp-content\/uploads\/2026\/04\/DSC_0635-125x187.jpg 125w\" data-lazy-sizes=\"(max-width: 768px) 100vw, 768px\" data-lazy-src=\"https:\/\/www.brasal.com.br\/blogrefri\/wp-content\/uploads\/2026\/04\/DSC_0635-768x1152.jpg?is-pending-load=1\" srcset=\"data:image\/png;base64,iVBORw0KGgoAAAANSUhEUgAAAE0AAAByCAYAAAAWJVzIAAAACXBIWXMAAA7EAAAOxAGVKw4bAAAAOUlEQVR42u3BMQEAAADCoPVPbQ0PoAAAAAAAAAAAAAAAAAAAAAAAAAAAAAAAAAAAAAAAAAAAAABeDImaAAFUjfGlAAAAAElFTkSuQmCC\" \/><\/div><\/a><\/div><\/div><div class=\"gt3pg-isotope-item loading \" ><div class=\"isotope_item-wrapper\"><a href=\"https:\/\/www.brasal.com.br\/blogrefri\/wp-content\/uploads\/2026\/04\/DSC_056-2-768x1152.jpg\" class=\"gt3pg-lightbox\" data-elementor-open-lightbox=\"no\"><div class=\"img-wrapper \"><img width=\"768\" height=\"1152\" src=\"https:\/\/www.brasal.com.br\/blogrefri\/wp-content\/uploads\/2026\/04\/DSC_056-2-768x1152.jpg\" class=\"skip-lazy gt3-lazy-image\" alt=\"\" decoding=\"async\" loading=\"lazy\" data-lazy-srcset=\"https:\/\/www.brasal.com.br\/blogrefri\/wp-content\/uploads\/2026\/04\/DSC_056-2-768x1152.jpg 768w, https:\/\/www.brasal.com.br\/blogrefri\/wp-content\/uploads\/2026\/04\/DSC_056-2-200x300.jpg 200w, https:\/\/www.brasal.com.br\/blogrefri\/wp-content\/uploads\/2026\/04\/DSC_056-2-683x1024.jpg 683w, https:\/\/www.brasal.com.br\/blogrefri\/wp-content\/uploads\/2026\/04\/DSC_056-2-125x187.jpg 125w, https:\/\/www.brasal.com.br\/blogrefri\/wp-content\/uploads\/2026\/04\/DSC_056-2-scaled.jpg 720w\" data-lazy-sizes=\"(max-width: 768px) 100vw, 768px\" data-lazy-src=\"https:\/\/www.brasal.com.br\/blogrefri\/wp-content\/uploads\/2026\/04\/DSC_056-2-768x1152.jpg?is-pending-load=1\" srcset=\"data:image\/png;base64,iVBORw0KGgoAAAANSUhEUgAAAE0AAAByCAYAAAAWJVzIAAAACXBIWXMAAA7EAAAOxAGVKw4bAAAAOUlEQVR42u3BMQEAAADCoPVPbQ0PoAAAAAAAAAAAAAAAAAAAAAAAAAAAAAAAAAAAAAAAAAAAAABeDImaAAFUjfGlAAAAAElFTkSuQmCC\" \/><\/div><\/a><\/div><\/div>\t\t\t<\/div>\r\n\t\t<\/div>\r\n\t\t<script type=\"application\/json\" id=\"settings--uid-3921df573e88cce6\">{\"id\":1,\"uid\":\"uid-3921df573e88cce6\",\"grid_type\":\"square\",\"modules\":[\"Lightbox\"],\"lightboxArray\":[{\"href\":\"https:\\\/\\\/www.brasal.com.br\\\/blogrefri\\\/wp-content\\\/uploads\\\/2026\\\/04\\\/DSC_0601-scaled.jpg\",\"title\":\"DSC_0601\",\"thumbnail\":\"https:\\\/\\\/www.brasal.com.br\\\/blogrefri\\\/wp-content\\\/uploads\\\/2026\\\/04\\\/DSC_0601-150x150.jpg\",\"description\":\"\",\"is_video\":0,\"image_id\":20832,\"width\":1280,\"height\":1920},{\"href\":\"https:\\\/\\\/www.brasal.com.br\\\/blogrefri\\\/wp-content\\\/uploads\\\/2026\\\/04\\\/DSC_0635-scaled.jpg\",\"title\":\"DSC_0635\",\"thumbnail\":\"https:\\\/\\\/www.brasal.com.br\\\/blogrefri\\\/wp-content\\\/uploads\\\/2026\\\/04\\\/DSC_0635-150x150.jpg\",\"description\":\"\",\"is_video\":0,\"image_id\":20834,\"width\":1280,\"height\":1920},{\"href\":\"https:\\\/\\\/www.brasal.com.br\\\/blogrefri\\\/wp-content\\\/uploads\\\/2026\\\/04\\\/DSC_056-2-scaled.jpg\",\"title\":\"DSC_056\",\"thumbnail\":\"https:\\\/\\\/www.brasal.com.br\\\/blogrefri\\\/wp-content\\\/uploads\\\/2026\\\/04\\\/DSC_056-2-150x150.jpg\",\"description\":\"\",\"is_video\":0,\"image_id\":20837,\"width\":720,\"height\":1080}],\"lightbox\":{\"enable\":true,\"options\":{\"instance\":1}},\"items\":[{\"href\":\"https:\\\/\\\/www.brasal.com.br\\\/blogrefri\\\/wp-content\\\/uploads\\\/2026\\\/04\\\/DSC_0601-scaled.jpg\",\"title\":\"DSC_0601\",\"thumbnail\":\"https:\\\/\\\/www.brasal.com.br\\\/blogrefri\\\/wp-content\\\/uploads\\\/2026\\\/04\\\/DSC_0601-150x150.jpg\",\"description\":\"\",\"is_video\":0,\"image_id\":20832,\"width\":1280,\"height\":1920},{\"href\":\"https:\\\/\\\/www.brasal.com.br\\\/blogrefri\\\/wp-content\\\/uploads\\\/2026\\\/04\\\/DSC_0635-scaled.jpg\",\"title\":\"DSC_0635\",\"thumbnail\":\"https:\\\/\\\/www.brasal.com.br\\\/blogrefri\\\/wp-content\\\/uploads\\\/2026\\\/04\\\/DSC_0635-150x150.jpg\",\"description\":\"\",\"is_video\":0,\"image_id\":20834,\"width\":1280,\"height\":1920},{\"href\":\"https:\\\/\\\/www.brasal.com.br\\\/blogrefri\\\/wp-content\\\/uploads\\\/2026\\\/04\\\/DSC_056-2-scaled.jpg\",\"title\":\"DSC_056\",\"thumbnail\":\"https:\\\/\\\/www.brasal.com.br\\\/blogrefri\\\/wp-content\\\/uploads\\\/2026\\\/04\\\/DSC_056-2-150x150.jpg\",\"description\":\"\",\"is_video\":0,\"image_id\":20837,\"width\":720,\"height\":1080}]}<\/script>\r\n\t\t<\/div>","protected":false},"excerpt":{"rendered":"<p>A Brasal Refrigerantes deu mais um passo importante para a moderniza\u00e7\u00e3o industrial com a implanta\u00e7\u00e3o de uma nova linha voltada, principalmente, para embalagens de menor volume. O investimento que soma aproximadamente R$45 milh\u00f5es em equipamentos e mais R$5 milh\u00f5es em infraestrutura foi realizado para atender a uma necessidade estrat\u00e9gica de mercado e ampliar a capacidade<\/p>\n","protected":false},"author":7,"featured_media":20836,"comment_status":"closed","ping_status":"closed","sticky":false,"template":"","format":"standard","meta":[],"categories":[541],"tags":[548],"zion_builder_status":false,"_links":{"self":[{"href":"https:\/\/www.brasal.com.br\/blogrefri\/wp-json\/wp\/v2\/posts\/20829"}],"collection":[{"href":"https:\/\/www.brasal.com.br\/blogrefri\/wp-json\/wp\/v2\/posts"}],"about":[{"href":"https:\/\/www.brasal.com.br\/blogrefri\/wp-json\/wp\/v2\/types\/post"}],"author":[{"embeddable":true,"href":"https:\/\/www.brasal.com.br\/blogrefri\/wp-json\/wp\/v2\/users\/7"}],"replies":[{"embeddable":true,"href":"https:\/\/www.brasal.com.br\/blogrefri\/wp-json\/wp\/v2\/comments?post=20829"}],"version-history":[{"count":1,"href":"https:\/\/www.brasal.com.br\/blogrefri\/wp-json\/wp\/v2\/posts\/20829\/revisions"}],"predecessor-version":[{"id":20842,"href":"https:\/\/www.brasal.com.br\/blogrefri\/wp-json\/wp\/v2\/posts\/20829\/revisions\/20842"}],"wp:featuredmedia":[{"embeddable":true,"href":"https:\/\/www.brasal.com.br\/blogrefri\/wp-json\/wp\/v2\/media\/20836"}],"wp:attachment":[{"href":"https:\/\/www.brasal.com.br\/blogrefri\/wp-json\/wp\/v2\/media?parent=20829"}],"wp:term":[{"taxonomy":"category","embeddable":true,"href":"https:\/\/www.brasal.com.br\/blogrefri\/wp-json\/wp\/v2\/categories?post=20829"},{"taxonomy":"post_tag","embeddable":true,"href":"https:\/\/www.brasal.com.br\/blogrefri\/wp-json\/wp\/v2\/tags?post=20829"}],"curies":[{"name":"wp","href":"https:\/\/api.w.org\/{rel}","templated":true}]}}